{"id":362746,"date":"2026-09-04T09:06:03","date_gmt":"2026-09-04T07:06:03","guid":{"rendered":"https:\/\/www.elche.es\/2026\/09\/la-placa-de-la-constitucio-obri-al-transit-despres-del-desmuntatge-de-la-facana-de-regs-el-progres\/"},"modified":"2026-09-04T09:06:12","modified_gmt":"2026-09-04T07:06:12","slug":"la-placa-de-la-constitucio-obri-al-transit-despres-del-desmuntatge-de-la-facana-de-regs-el-progres","status":"publish","type":"post","link":"https:\/\/www.elche.es\/va\/2026\/09\/la-placa-de-la-constitucio-obri-al-transit-despres-del-desmuntatge-de-la-facana-de-regs-el-progres\/","title":{"rendered":"La pla\u00e7a de la Constituci\u00f3 obri al tr\u00e0nsit despr\u00e9s del desmuntatge de la fa\u00e7ana de Regs el Progr\u00e9s"},"content":{"rendered":"<div class=\"wpb-content-wrapper\"><p>[vc_row el_id=&#8221;SUBTITULAR_NOTICIA&#8221;][vc_column][vc_column_text css=&#8221;&#8221;]<\/p>\n<hr \/>\n<h4>Els vehicles podran tornar a circular amb normalitat pel carrer a partir de dem\u00e0 divendres 4 de setembre de vesprada<\/h4>\n<hr \/>\n<h4><\/h4>\n<p>[\/vc_column_text][\/vc_column][\/vc_row][vc_row el_id=&#8221;TEXTO_NOTICIA&#8221;][vc_column][vc_column_text css=&#8221;&#8221;]La pla\u00e7a de la Constituci\u00f3 obrir\u00e0 de nou al tr\u00e0nsit amb normalitat a partir de dem\u00e0 divendres 4 de setembre, de vesprada, despr\u00e9s de la finalitzaci\u00f3 els treballs de desmuntatge de la fa\u00e7ana de l&#8217;antic edifici de Riscs el Progr\u00e9s. Este dijous ha visitat les obres l&#8217;alcalde, Pablo Ruz, junt amb el vicealcalde i regidor d&#8217;Estrat\u00e8gia Municipal, Fracisco Soler, i de la tercera tinent d&#8217;alcalde, Aurora Rodil.<\/p>\n<p>&#8220;Des del dia de dem\u00e0, este carrer tornar\u00e0 a la normalitat, despr\u00e9s d&#8217;haver estat els darrers 10 anys amb eixos ancoratges i eixes estructures de suport d&#8217;un problema enquistat. Ja dem\u00e0 per fi tornar\u00e0 a ser un carrer normal i ser\u00e0 esta una pla\u00e7a normal&#8221;, ha destacat l&#8217;alcalde.<\/p>\n<p>L&#8217;actuaci\u00f3 es troba molt avan\u00e7ada amb el desmuntatge dels carreus de la fa\u00e7ana, que han sigut numerats per a garantir-ne la posterior recuperaci\u00f3. Estos elements s&#8217;han traslladat al magatzem municipal, on seran restaurats i netejats per a incorporar-los posteriorment a la fa\u00e7ana del nou edifici, mantenint-ne les dimensions i configuraci\u00f3 originals.[\/vc_column_text][\/vc_column][\/vc_row][vc_row el_id=&#8221;DESTACADO_NOTICIA&#8221;][vc_column][vc_column_text css=&#8221;&#8221; el_class=&#8221;cuadronoticia&#8221;]<\/p>\n<h5>L&#8217;alcalde, Pablo Ruz, ha visitat les obres i ha destacat que l&#8217;actuaci\u00f3 posa fi a\u00a0 un problema de m\u00e9s d&#8217;una d\u00e8cada i permet avan\u00e7ar cap a la construcci\u00f3 del nou edifici<\/h5>\n<p>[\/vc_column_text][\/vc_column][\/vc_row][vc_row el_id=&#8221;TEXTO_FIN_NOTICIA&#8221;][vc_column][vc_column_text css=&#8221;&#8221;]Ruz ha explicat que dem\u00e0 se retiraran les darreres runes i s&#8217;asfaltar\u00e0 la zona perqu\u00e8 de vesprada puga obrir-se al tr\u00e0nsit. Posteriorment, es realitzaran les cates arqueol\u00f2giques i els estudis geot\u00e8cnics necessaris per a avan\u00e7ar en la construcci\u00f3 del nou edifici municipal.<\/p>\n<p>El futur immoble comptar\u00e0 amb soterrani, planta baixa i quatre altures, amb una superf\u00edcie total constru\u00efda de 920 metres quadrats, i permetr\u00e0 allotjar oficines municipals i reorganitzar servicis. El pressupost estimat d&#8217;execuci\u00f3 ascendix a 1,9 milions d&#8217;euros.<\/p>\n<p>El vicealcalde, Francisco Soler ha assenyalat que &#8220;el m\u00e9s important era arribar fins a aqu\u00ed&#8221; i ha explicat que ara es realitzaran els sondatges per a posteriorment poder licitar la construcci\u00f3 de l&#8217;edifici. Per la seua part, la tercera tinent d&#8217;alcalde, Aurora Rodil, ha destacat la satisfacci\u00f3 de l&#8217;equip de govern per &#8220;convertir problemes enquistats durant anys en solucions i projectes que generen il\u00b7lusi\u00f3&#8221;, i ha agra\u00eft tant el treball dels t\u00e8cnics com la rapidesa de l&#8217;empresa encarregada dels treballs.<\/p>\n<p>A m\u00e9s, l&#8217;alcalde ha destacat que tamb\u00e9 s&#8217;estiguen realitzant actuacions per a millorar l&#8217;entorn de la pla\u00e7a amb la reparaci\u00f3 de voreres i la millora de la il\u00b7luminaci\u00f3 mitjan\u00e7ant la instal\u00b7laci\u00f3 de nous punts de llum que il\u00b7luminen m\u00e9s la pla\u00e7a.<\/p>\n<hr \/>\n<p>&nbsp;<\/p>\n<p>[\/vc_column_text][\/vc_column][\/vc_row]<\/p>\n<\/div>","protected":false},"excerpt":{"rendered":"<p>[vc_row el_id=&#8221;SUBTITULAR_NOTICIA&#8221;][vc_column][vc_column_text css=&#8221;&#8221;] Els vehicles podran tornar a circular amb normalitat pel carrer a partir de dem\u00e0 divendres 4 de setembre de vesprada [\/vc_column_text][\/vc_column][\/vc_row][vc_row el_id=&#8221;TEXTO_NOTICIA&#8221;][vc_column][vc_column_text css=&#8221;&#8221;]La pla\u00e7a de la Constituci\u00f3 [&hellip;]<\/p>\n","protected":false},"author":139,"featured_media":362730,"comment_status":"closed","ping_status":"closed","sticky":false,"template":"","format":"standard","meta":{"footnotes":""},"categories":[391,1312,1277],"tags":[],"class_list":["post-362746","post","type-post","status-publish","format-standard","has-post-thumbnail","hentry","category-home-va","category-noticias-va","category-via-publica-va"],"_links":{"self":[{"href":"https:\/\/www.elche.es\/va\/wp-json\/wp\/v2\/posts\/362746","targetHints":{"allow":["GET"]}}],"collection":[{"href":"https:\/\/www.elche.es\/va\/wp-json\/wp\/v2\/posts"}],"about":[{"href":"https:\/\/www.elche.es\/va\/wp-json\/wp\/v2\/types\/post"}],"author":[{"embeddable":true,"href":"https:\/\/www.elche.es\/va\/wp-json\/wp\/v2\/users\/139"}],"replies":[{"embeddable":true,"href":"https:\/\/www.elche.es\/va\/wp-json\/wp\/v2\/comments?post=362746"}],"version-history":[{"count":2,"href":"https:\/\/www.elche.es\/va\/wp-json\/wp\/v2\/posts\/362746\/revisions"}],"predecessor-version":[{"id":362748,"href":"https:\/\/www.elche.es\/va\/wp-json\/wp\/v2\/posts\/362746\/revisions\/362748"}],"wp:featuredmedia":[{"embeddable":true,"href":"https:\/\/www.elche.es\/va\/wp-json\/wp\/v2\/media\/362730"}],"wp:attachment":[{"href":"https:\/\/www.elche.es\/va\/wp-json\/wp\/v2\/media?parent=362746"}],"wp:term":[{"taxonomy":"category","embeddable":true,"href":"https:\/\/www.elche.es\/va\/wp-json\/wp\/v2\/categories?post=362746"},{"taxonomy":"post_tag","embeddable":true,"href":"https:\/\/www.elche.es\/va\/wp-json\/wp\/v2\/tags?post=362746"}],"curies":[{"name":"wp","href":"https:\/\/api.w.org\/{rel}","templated":true}]}}