{"id":362749,"date":"2026-09-04T09:24:06","date_gmt":"2026-09-04T07:24:06","guid":{"rendered":"https:\/\/www.elche.es\/2026\/09\/aigues-delx-intensifica-el-seu-pla-de-prevencio-davant-de-possibles-pluges-torrencials\/"},"modified":"2026-09-04T09:24:14","modified_gmt":"2026-09-04T07:24:14","slug":"aigues-delx-intensifica-el-seu-pla-de-prevencio-davant-de-possibles-pluges-torrencials","status":"publish","type":"post","link":"https:\/\/www.elche.es\/va\/2026\/09\/aigues-delx-intensifica-el-seu-pla-de-prevencio-davant-de-possibles-pluges-torrencials\/","title":{"rendered":"Aig\u00fces d&#8217;Elx intensifica el seu pla de prevenci\u00f3 davant de possibles pluges torrencials"},"content":{"rendered":"<div class=\"wpb-content-wrapper\"><p>[vc_row el_id=&#8221;SUBTITULAR_NOTICIA&#8221;][vc_column][vc_column_text css=&#8221;&#8221;]<\/p>\n<hr \/>\n<h4>El regidor de l&#8217;\u00e0rea, Juan de Dios Navarro, ha destacat el refor\u00e7 de neteja de la xarxa de sanejament i pluvials amb la inspecci\u00f3 d&#8217;embornals en zones cr\u00edtiques<\/h4>\n<hr \/>\n<h4><\/h4>\n<p>[\/vc_column_text][\/vc_column][\/vc_row][vc_row el_id=&#8221;TEXTO_NOTICIA&#8221;][vc_column][vc_column_text css=&#8221;&#8221;]Aig\u00fces d&#8217;Elx ha posat en marxa un pla exhaustiu d&#8217;actuacions en previsi\u00f3 de la temporada de pluges torrencials del per\u00edode tardorenc, que s&#8217;allargar\u00e0 durant tot el mes de setembre. L&#8217;objectiu principal \u00e9s minimitzar els riscos d&#8217;inundacions i danys associats a les precipitacions intenses a la ciutat i les pedanies.<\/p>\n<p>El regidor d&#8217;Aig\u00fces, Juan de Dios Navarro, ha assenyalat que des de l&#8217;empresa mixta s&#8217;ha intensificat la neteja de la xarxa de sanejament i de pluvials. Per a aix\u00f2, &#8220;s&#8217;ha dut a terme una inspecci\u00f3 minuciosa dels embornals a les zones identificades com a punts cr\u00edtics d&#8217;inundaci\u00f3 del municipi i la neteja correctiva d&#8217;aquells que presenten algun grau de brut\u00edcia que puga comprometre&#8217;n la capacitat de drenatge&#8221;.<\/p>\n<p>Segons Navarro, a m\u00e9s dels 2.000 embornals que es netegen mensualment, s&#8217;han incorporat prop de 600 embornals addicionals en els quals es realitzen neteges correctives en previsi\u00f3 de les pluges torrencials. En este sentit, Elx compta amb un voltant de 10.000 embornals, dels quals es realitza el manteniment i neteja cada 6 mesos.[\/vc_column_text][\/vc_column][\/vc_row][vc_row el_id=&#8221;DESTACADO_NOTICIA&#8221;][vc_column][vc_column_text css=&#8221;&#8221; el_class=&#8221;cuadronoticia&#8221;]<\/p>\n<h5>L&#8217;empresa mixta tamb\u00e9 du a terme la instal\u00b7laci\u00f3 d&#8217;equips de monitoratge per a mesurar el cabdal i qualitat de l&#8217;aigua de barrancs i riu<\/h5>\n<p>[\/vc_column_text][\/vc_column][\/vc_row][vc_row el_id=&#8221;TEXTO_FIN_NOTICIA&#8221;][vc_column][vc_column_text css=&#8221;&#8221;]Una altra \u00e0rea d&#8217;actuaci\u00f3 s&#8217;ha centrat en intensificar la neteja i manteniment d&#8217;estacions de bombeig del nucli urb\u00e0 i a les pedanies de Matola, Vallverde, els Bassars i els Arenals del Sol. Aix\u00ed, s&#8217;ha parat especial atenci\u00f3 a les estacions de pluvials dels passos soterranis del tren a la carretera de Torrellano a Elx i la EL-20.<\/p>\n<p>Tamb\u00e9 s&#8217;han revisat els tancs de tempesta ubicats al Parc Empresarial a Torrellano, fonamentals per a evitar inundacions a les pedanies de Torrellano i l&#8217;Altet, als quals se suma enguany el tanc de tempesta dels Arenals del Sol. Amb estes infraestructures, s&#8217;assolixen ja els 74.200 metres c\u00fabics de capacitat d&#8217;emmagatzematge.<\/p>\n<p>D&#8217;altra banda, Aig\u00fces d&#8217;Elx ha finalitzat l&#8217;execuci\u00f3 del projecte Elx Oasi, subvencionat en el marc de la tercera convocat\u00f2ria del PERTE de digitalitzaci\u00f3 del cicle urb\u00e0 de l&#8217;aigua del Ministeri per a la Transici\u00f3 Ecol\u00f2gica, que donar\u00e0 major capacitat de resposta en els desaig\u00fces en cabdal p\u00fablic urb\u00e0 en temps de pluja.<\/p>\n<p>Entre les principals actuacions ja posades en marxa destaca la instal\u00b7laci\u00f3 d&#8217;equips de monitoratge dels volums desaiguats des de la xarxa de clavegueram cap als mitjans receptors, als barrancs urbans d&#8217;Elx. Esta actuaci\u00f3 ha suposat una inversi\u00f3 de 507.447 euros.<\/p>\n<p>D&#8217;esta forma s&#8217;han instal\u00b7lat 61 equips de monitoratge, denominats limn\u00edmetres. En concret, 7 al barranc dels Arcs, 34 al riu Vinalop\u00f3, 17 al barranc de Sant Antoni i 3 en altres mitjans receptors.<\/p>\n<p>Addicionalment, s&#8217;han instal\u00b7lat 16 sondes multiparam\u00e8triques per a monitorar la qualitat de les aig\u00fces en aquells sobreeixidors m\u00e9s representatius.<\/p>\n<p>Segons Navarro, la digitalitzaci\u00f3 dels sobreeixidors cr\u00edtics forma part del Pla Antiriuades d&#8217;Elx i refor\u00e7a el control de possibles vessaments a barrancs o al riu, especialment durant episodis de pluja. Els nous equips permeten mesurar i registrar el nombre de desaig\u00fces, els cabdals vessats i al qualitat de l&#8217;aigua mitjan\u00e7ant tecnologia multiparam\u00e8trica.<\/p>\n<p>Amb esta posada en marxa, Aig\u00fces d&#8217;Elx disposa d&#8217;informaci\u00f3 a temps real i centralitzada sobre el funcionament de les xarxes d&#8217;aigua potable i clavegueram. Esta actuaci\u00f3 es tradu\u00efx en una major capacitat de prevenci\u00f3 davant d&#8217;incid\u00e8ncies i episodis de pluges intenses, aix\u00ed com en una protecci\u00f3 refor\u00e7ada de l&#8217;entorn natural, els barrancs, el riu i el Domini P\u00fablic Hidr\u00e0ulic.<\/p>\n<hr \/>\n<p>&nbsp;<\/p>\n<p>[\/vc_column_text][\/vc_column][\/vc_row]<\/p>\n<\/div>","protected":false},"excerpt":{"rendered":"<p>[vc_row el_id=&#8221;SUBTITULAR_NOTICIA&#8221;][vc_column][vc_column_text css=&#8221;&#8221;] El regidor de l&#8217;\u00e0rea, Juan de Dios Navarro, ha destacat el refor\u00e7 de neteja de la xarxa de sanejament i pluvials amb la inspecci\u00f3 d&#8217;embornals en zones [&hellip;]<\/p>\n","protected":false},"author":139,"featured_media":362734,"comment_status":"closed","ping_status":"closed","sticky":false,"template":"","format":"standard","meta":{"footnotes":""},"categories":[2247,391,1312],"tags":[],"class_list":["post-362749","post","type-post","status-publish","format-standard","has-post-thumbnail","hentry","category-aguas-va","category-home-va","category-noticias-va"],"_links":{"self":[{"href":"https:\/\/www.elche.es\/va\/wp-json\/wp\/v2\/posts\/362749","targetHints":{"allow":["GET"]}}],"collection":[{"href":"https:\/\/www.elche.es\/va\/wp-json\/wp\/v2\/posts"}],"about":[{"href":"https:\/\/www.elche.es\/va\/wp-json\/wp\/v2\/types\/post"}],"author":[{"embeddable":true,"href":"https:\/\/www.elche.es\/va\/wp-json\/wp\/v2\/users\/139"}],"replies":[{"embeddable":true,"href":"https:\/\/www.elche.es\/va\/wp-json\/wp\/v2\/comments?post=362749"}],"version-history":[{"count":2,"href":"https:\/\/www.elche.es\/va\/wp-json\/wp\/v2\/posts\/362749\/revisions"}],"predecessor-version":[{"id":362751,"href":"https:\/\/www.elche.es\/va\/wp-json\/wp\/v2\/posts\/362749\/revisions\/362751"}],"wp:featuredmedia":[{"embeddable":true,"href":"https:\/\/www.elche.es\/va\/wp-json\/wp\/v2\/media\/362734"}],"wp:attachment":[{"href":"https:\/\/www.elche.es\/va\/wp-json\/wp\/v2\/media?parent=362749"}],"wp:term":[{"taxonomy":"category","embeddable":true,"href":"https:\/\/www.elche.es\/va\/wp-json\/wp\/v2\/categories?post=362749"},{"taxonomy":"post_tag","embeddable":true,"href":"https:\/\/www.elche.es\/va\/wp-json\/wp\/v2\/tags?post=362749"}],"curies":[{"name":"wp","href":"https:\/\/api.w.org\/{rel}","templated":true}]}}