{"id":41105,"date":"2017-11-22T09:45:02","date_gmt":"2017-11-22T08:45:02","guid":{"rendered":"http:\/\/www.elche.es\/va\/2017\/11\/41097\/"},"modified":"2017-11-22T12:54:56","modified_gmt":"2017-11-22T11:54:56","slug":"41097","status":"publish","type":"post","link":"https:\/\/www.elche.es\/va\/2017\/11\/41097\/","title":{"rendered":"Moll\u00e0: \u201cElx \u00e9s un pilar fonamental en els pressupostos de la Generalitat per a 2018\u201d"},"content":{"rendered":"<blockquote>\n<p style=\"text-align: justify\"><b>La regidora de Relacions Institucionals explica, juntament amb el conseller d&#8217;Economia, Rafael Climent, les inversions previstes pel govern auton\u00f2mic per al municipi<\/b><\/p>\n<\/blockquote>\n<p style=\"text-align: justify\">La regidora de Relacions Institucionals, Mireia Moll\u00e0, i el conseller d&#8217;Economia, Rafael Climent, han explicat aquest mat\u00ed les inversions de la Generalitat Valenciana a Elx.<\/p>\n<p style=\"text-align: justify\">&#8220;Els pressupostos de la Generalitat de 2018 proven la import\u00e0ncia que el municipi d&#8217;Elx t\u00e9 per al govern auton\u00f2mic&#8221;, ha assenyalat Moll\u00e0, qui ha ressaltat que &#8220;en el cap\u00edtol 6 de Just\u00edcia s&#8217;invertiran m\u00e9s d&#8217;1,6 milions d&#8217;euros en l&#8217;execuci\u00f3 d&#8217;equipament; en Habitatge es <span class=\"hiddenGrammarError\">destinaran<\/span> 72.000 euros a la rehabilitaci\u00f3 d&#8217;edificis; per a la millora de la seguretat vi\u00e0ria, 42.000 euros en la millora de la carretera CV-865; en <span class=\"hiddenGrammarError\">l&#8217;ARRU<\/span> de Sant Antoni, m\u00e9s de 4,5 milions d&#8217;euros o, per exemple, en sanitat, en aquest cap\u00edtol d&#8217;inversions estem parlant de l&#8217;ampliaci\u00f3 de l&#8217;Hospital General d&#8217;Elx valorada en 1,8 milions d&#8217;euros&#8221;.<\/p>\n<p style=\"text-align: justify\">La responsable de Relacions Institucionals ha afegit que pel que fa a Medi ambient, els regants del Camp d&#8217;Elx tenen un paper protagonista en els pressupostos amb obres importants com el bombament d&#8217;aig\u00fces de reg del Tercer Canal de Llevant a la bassa de la Sexta (m\u00e9s de 300.000 euros) o el projecte de connexi\u00f3 de brancs de xarxes secund\u00e0ries dels sectors 17-31 per a garantir el subministrament d&#8217;aigua del Primer Canal (245.000 euros).<\/p>\n<p style=\"text-align: justify\">&#8220;Quant a la Conselleria de Pol\u00edtiques Inclusives de la vicepresidenta, M\u00f3nica Oltra, es destinen m\u00e9s de 2,5 milions d&#8217;euros a Elx&#8221;, ha destacat Moll\u00e0.<\/p>\n<p style=\"text-align: justify\">Quant a Educaci\u00f3, &#8220;al marge de l&#8217;aposta pel Misteri i pel Palmerar, s&#8217;ha posat en marxa el pla Edificant que <span class=\"hiddenGrammarError\">suposar\u00e0<\/span> acabar amb els barracons del municipi i s<span class=\"hiddenGrammarError\">uposar\u00e0<\/span> un abans i un despr\u00e9s pel que fa a les infraestructures educatives del municipi&#8221;.<\/p>\n<p style=\"text-align: justify\">Tal com ha destacat Moll\u00e0 &#8220;els pressupostos de la Generalitat toquen a Elx en molts espais. Som importants per a la Generalitat i el conseller d&#8217;Economia t\u00e9 molt clar que Elx \u00e9s un pilar fonamental, i siguen les partides concretes o les que van sorgint al llarg de l&#8217;any, cas de nous projectes, Rafa Climent t\u00e9 la disposici\u00f3 de treballar amb l&#8217;Ajuntament&#8221;.<\/p>\n<p style=\"text-align: justify\">Per la seua banda, Rafael Climent ha explicat els pressupostos de la seua conselleria per al pr\u00f2xim exercici i destaca que Elx <span class=\"hiddenGrammarError\">ser\u00e0<\/span> una de les seues grans benefici\u00e0ries.<\/p>\n<p style=\"text-align: justify\">Climent ha indicat que els pressupostos auton\u00f2mics es bolquen en pol\u00edtiques concretes en mat\u00e8ria d&#8217;educaci\u00f3, sanitat i igualtat. &#8220;S\u00f3n uns pressupostos eminentment socials&#8221;, ha indicat el conseller, qui ha afegit que &#8220;tamb\u00e9 fem una aposta decidida pels sectors productius. Tenint en compte que pr\u00e0cticament quasi totes les subvencions s\u00f3n per concurr\u00e8ncia <span class=\"hiddenGrammarError\">competitiva<\/span> i que no estan localitzades com altres conselleries, s\u00ed que podem dir que per a Elx, a trav\u00e9s <span class=\"hiddenGrammarError\">d&#8217;Avalem<\/span> Jove, <span class=\"hiddenSpellError\">Avalem<\/span> Experi\u00e8ncia i <span class=\"hiddenSpellError\">Avalem<\/span> Territori, Elx ha rebut aquesta legislatura m\u00e9s de 9 milions d&#8217;euros. Una aposta decidida per l&#8217;ocupaci\u00f3&#8221;.<\/p>\n<p>&nbsp;<\/p>\n","protected":false},"excerpt":{"rendered":"<p>La regidora de Relacions Institucionals explica, juntament amb el conseller d&#8217;Economia, Rafael Climent, les inversions previstes pel govern auton\u00f2mic per al municipi La regidora de Relacions Institucionals, Mireia Moll\u00e0, i [&hellip;]<\/p>\n","protected":false},"author":131,"featured_media":41099,"comment_status":"closed","ping_status":"closed","sticky":false,"template":"","format":"standard","meta":{"footnotes":""},"categories":[1516,161],"tags":[],"class_list":["post-41105","post","type-post","status-publish","format-standard","has-post-thumbnail","hentry","category-actos-institucionales-va","category-ajuntament"],"_links":{"self":[{"href":"https:\/\/www.elche.es\/va\/wp-json\/wp\/v2\/posts\/41105","targetHints":{"allow":["GET"]}}],"collection":[{"href":"https:\/\/www.elche.es\/va\/wp-json\/wp\/v2\/posts"}],"about":[{"href":"https:\/\/www.elche.es\/va\/wp-json\/wp\/v2\/types\/post"}],"author":[{"embeddable":true,"href":"https:\/\/www.elche.es\/va\/wp-json\/wp\/v2\/users\/131"}],"replies":[{"embeddable":true,"href":"https:\/\/www.elche.es\/va\/wp-json\/wp\/v2\/comments?post=41105"}],"version-history":[{"count":0,"href":"https:\/\/www.elche.es\/va\/wp-json\/wp\/v2\/posts\/41105\/revisions"}],"wp:featuredmedia":[{"embeddable":true,"href":"https:\/\/www.elche.es\/va\/wp-json\/wp\/v2\/media\/41099"}],"wp:attachment":[{"href":"https:\/\/www.elche.es\/va\/wp-json\/wp\/v2\/media?parent=41105"}],"wp:term":[{"taxonomy":"category","embeddable":true,"href":"https:\/\/www.elche.es\/va\/wp-json\/wp\/v2\/categories?post=41105"},{"taxonomy":"post_tag","embeddable":true,"href":"https:\/\/www.elche.es\/va\/wp-json\/wp\/v2\/tags?post=41105"}],"curies":[{"name":"wp","href":"https:\/\/api.w.org\/{rel}","templated":true}]}}