{"id":41261,"date":"2017-11-22T13:48:09","date_gmt":"2017-11-22T12:48:09","guid":{"rendered":"http:\/\/www.elche.es\/va\/2017\/11\/cursos-de-formacion-para-el-uso-de-desfibriladores-policiales\/"},"modified":"2017-11-23T07:58:58","modified_gmt":"2017-11-23T06:58:58","slug":"cursos-de-formacion-para-el-uso-de-desfibriladores-policiales","status":"publish","type":"post","link":"https:\/\/www.elche.es\/va\/2017\/11\/cursos-de-formacion-para-el-uso-de-desfibriladores-policiales\/","title":{"rendered":"Cursos de formaci\u00f3 per a l&#8217;\u00fas de desfibril\u00b7ladors policials"},"content":{"rendered":"<p style=\"text-align: justify\"><strong><b>La formaci\u00f3 s&#8217;efectuar\u00e0 en grups redu\u00efts i arribar\u00e0 a tota la plantilla.<\/b><\/strong><\/p>\n<p style=\"text-align: justify\">Des del dia 21 de novembre va comen\u00e7ar a impartir-se la formaci\u00f3 pertinent per a l&#8217;\u00fas de desfibril\u00b7ladors, que estaran a la disposici\u00f3 dels agents en els vehicles policials.<\/p>\n<p>Els cursos es realitzaran tres dies a la setmana en torns de mat\u00ed i vesprada, en grups redu\u00efts per a millorar l&#8217;assimilaci\u00f3 de conceptes i la resoluci\u00f3 de dubtes. \u00c9s una realitat que les patrulles de Policia s\u00f3n les primeres a arribar en moltes ocasions al lloc de l&#8217;assist\u00e8ncia sanit\u00e0ria, per tant, aquest element de dotaci\u00f3 adquirir\u00e0 una import\u00e0ncia vital. No obstant aix\u00f2, l&#8217;\u00fas adequat i correcte requereix una formaci\u00f3 m\u00ednima per a garantir l&#8217;efic\u00e0cia d&#8217;\u00fas per part dels Agents.<\/p>\n<p>El passat mes de juny <span class=\"hiddenSpellError\">Aar\u00f3n<\/span> Soler, la seua fam\u00edlia i diverses empreses il\u00b7licitanes van donar nou desfibril\u00b7ladors per a aquesta Policia, als quals s&#8217;uniran fins a 49 m\u00e9s dins de la intenci\u00f3 de la Regidoria de Sanitat, amb l&#8217;objectiu de convertir Elx en una ciutat cardioprotegida, en paraules del regidor, <span class=\"hiddenSpellError\">Carlos<\/span> S\u00e1nchez.<\/p>\n<p>Amb aquests cursos formatius es finalitzar\u00e0 el proc\u00e9s de dotaci\u00f3 d&#8217;aquestes unitats als vehicles policials i comen\u00e7ar\u00e0 la seua utilitzaci\u00f3 amb les majors garanties possibles de manera imminent.<\/p>\n<p>&nbsp;<\/p>\n","protected":false},"excerpt":{"rendered":"<p>La formaci\u00f3 s&#8217;efectuar\u00e0 en grups redu\u00efts i arribar\u00e0 a tota la plantilla. Des del dia 21 de novembre va comen\u00e7ar a impartir-se la formaci\u00f3 pertinent per a l&#8217;\u00fas de desfibril\u00b7ladors, [&hellip;]<\/p>\n","protected":false},"author":77,"featured_media":41224,"comment_status":"closed","ping_status":"closed","sticky":false,"template":"","format":"standard","meta":{"footnotes":""},"categories":[238],"tags":[],"class_list":["post-41261","post","type-post","status-publish","format-standard","has-post-thumbnail","hentry","category-policia-local-va"],"_links":{"self":[{"href":"https:\/\/www.elche.es\/va\/wp-json\/wp\/v2\/posts\/41261","targetHints":{"allow":["GET"]}}],"collection":[{"href":"https:\/\/www.elche.es\/va\/wp-json\/wp\/v2\/posts"}],"about":[{"href":"https:\/\/www.elche.es\/va\/wp-json\/wp\/v2\/types\/post"}],"author":[{"embeddable":true,"href":"https:\/\/www.elche.es\/va\/wp-json\/wp\/v2\/users\/77"}],"replies":[{"embeddable":true,"href":"https:\/\/www.elche.es\/va\/wp-json\/wp\/v2\/comments?post=41261"}],"version-history":[{"count":0,"href":"https:\/\/www.elche.es\/va\/wp-json\/wp\/v2\/posts\/41261\/revisions"}],"wp:featuredmedia":[{"embeddable":true,"href":"https:\/\/www.elche.es\/va\/wp-json\/wp\/v2\/media\/41224"}],"wp:attachment":[{"href":"https:\/\/www.elche.es\/va\/wp-json\/wp\/v2\/media?parent=41261"}],"wp:term":[{"taxonomy":"category","embeddable":true,"href":"https:\/\/www.elche.es\/va\/wp-json\/wp\/v2\/categories?post=41261"},{"taxonomy":"post_tag","embeddable":true,"href":"https:\/\/www.elche.es\/va\/wp-json\/wp\/v2\/tags?post=41261"}],"curies":[{"name":"wp","href":"https:\/\/api.w.org\/{rel}","templated":true}]}}