{"id":41426,"date":"2017-11-23T11:01:01","date_gmt":"2017-11-23T10:01:01","guid":{"rendered":"http:\/\/www.elche.es\/va\/2017\/11\/presentacion-abierta-de-presupuestos-a-ciudadanos\/"},"modified":"2017-11-23T12:08:53","modified_gmt":"2017-11-23T11:08:53","slug":"presentacion-abierta-de-presupuestos-a-ciudadanos","status":"publish","type":"post","link":"https:\/\/www.elche.es\/va\/2017\/11\/presentacion-abierta-de-presupuestos-a-ciudadanos\/","title":{"rendered":"Presentaci\u00f3 oberta de pressupostos a ciutadans"},"content":{"rendered":"<blockquote>\n<p style=\"text-align: justify\">La regidora d&#8217;Hisenda, Ana Arabid, i el regidor de Participaci\u00f3 Ciutadana, Felip S\u00e1nchez, han presentat als ciutadans en el Centre de Congressos el pressupost municipal de 2018, que es debatr\u00e0 en una sessi\u00f3 plen\u00e0ria convocada per al pr\u00f2xim dilluns.<\/p>\n<\/blockquote>\n<p style=\"text-align: justify\">El pressupost consolidat ascendeix a 216 milions d&#8217;euros, dels quals 179 corresponen a l&#8217;Ajuntament, i la quantitat restant a organismes aut\u00f2noms o empreses municipals. Es tracta del pressupost m\u00e9s inversor de les dues \u00faltimes legislatures, amb poc m\u00e9s de 26 milions d&#8217;euros, un 35% m\u00e9s que l&#8217;any anterior.<\/p>\n<p style=\"text-align: justify\">Ana Arabid ha destacat davant m\u00e9s de mig centenar de persones que acudiren a l&#8217;acte, la import\u00e0ncia de tenir llestos els comptes a temps. El fet que puga estar operatiu al gener suposa un indubtable factor d&#8217;estabilitat, segons va destacar la regidora. En aquest sentit, la responsable de la hisenda municipal ha destacat la col\u00b7laboraci\u00f3 dels membres de l&#8217;equip de govern i de grups que no hi s\u00f3n, per\u00f2 que han participat en la seua confecci\u00f3, com Ciutadans.<\/p>\n","protected":false},"excerpt":{"rendered":"<p>La regidora d&#8217;Hisenda, Ana Arabid, i el regidor de Participaci\u00f3 Ciutadana, Felip S\u00e1nchez, han presentat als ciutadans en el Centre de Congressos el pressupost municipal de 2018, que es debatr\u00e0 [&hellip;]<\/p>\n","protected":false},"author":131,"featured_media":41402,"comment_status":"closed","ping_status":"closed","sticky":false,"template":"","format":"standard","meta":{"footnotes":""},"categories":[488,208],"tags":[],"class_list":["post-41426","post","type-post","status-publish","format-standard","has-post-thumbnail","hentry","category-hisenda","category-participacio-ciutadana-va"],"_links":{"self":[{"href":"https:\/\/www.elche.es\/va\/wp-json\/wp\/v2\/posts\/41426","targetHints":{"allow":["GET"]}}],"collection":[{"href":"https:\/\/www.elche.es\/va\/wp-json\/wp\/v2\/posts"}],"about":[{"href":"https:\/\/www.elche.es\/va\/wp-json\/wp\/v2\/types\/post"}],"author":[{"embeddable":true,"href":"https:\/\/www.elche.es\/va\/wp-json\/wp\/v2\/users\/131"}],"replies":[{"embeddable":true,"href":"https:\/\/www.elche.es\/va\/wp-json\/wp\/v2\/comments?post=41426"}],"version-history":[{"count":0,"href":"https:\/\/www.elche.es\/va\/wp-json\/wp\/v2\/posts\/41426\/revisions"}],"wp:featuredmedia":[{"embeddable":true,"href":"https:\/\/www.elche.es\/va\/wp-json\/wp\/v2\/media\/41402"}],"wp:attachment":[{"href":"https:\/\/www.elche.es\/va\/wp-json\/wp\/v2\/media?parent=41426"}],"wp:term":[{"taxonomy":"category","embeddable":true,"href":"https:\/\/www.elche.es\/va\/wp-json\/wp\/v2\/categories?post=41426"},{"taxonomy":"post_tag","embeddable":true,"href":"https:\/\/www.elche.es\/va\/wp-json\/wp\/v2\/tags?post=41426"}],"curies":[{"name":"wp","href":"https:\/\/api.w.org\/{rel}","templated":true}]}}