{"id":41475,"date":"2017-11-23T16:28:27","date_gmt":"2017-11-23T15:28:27","guid":{"rendered":"http:\/\/www.elche.es\/va\/2017\/11\/proteccion-de-colectivos-vulnerables-de-policia-local-de-elche\/"},"modified":"2017-11-24T08:20:45","modified_gmt":"2017-11-24T07:20:45","slug":"proteccion-de-colectivos-vulnerables-de-policia-local-de-elche","status":"publish","type":"post","link":"https:\/\/www.elche.es\/va\/2017\/11\/proteccion-de-colectivos-vulnerables-de-policia-local-de-elche\/","title":{"rendered":"Protecci\u00f3 de col\u00b7lectius vulnerables de Policia Local d&#8217;Elx"},"content":{"rendered":"<p style=\"text-align: justify\"><strong><b>Tant la Unitat especialitzada com les patrulles han d&#8217;atendre serveis de molt variada motivaci\u00f3 i gravetat.<\/b><\/strong><\/p>\n<p style=\"text-align: justify\">Recentment la Regidoria d&#8217;Igualtat ha elaborat el primer Pla Municipal contra la Viol\u00e8ncia Masclista, els eixos vertebradors del qual s\u00f3n la sensibilitzaci\u00f3 social, prevenci\u00f3 de conductes, potenciar l&#8217;apoderament de la dona, aix\u00ed com atenci\u00f3 integral i coordinaci\u00f3 entre els diferents departaments i forces de seguretat. En el cas de la Policia Local d&#8217;Elx es compta amb una veterana i experimentada unitat: Protecci\u00f3 de Col\u00b7lectius Vulnerables, en els quals s&#8217;engloba el treball, a m\u00e9s, amb menors i persones majors.<\/p>\n<p style=\"text-align: justify\">A tall d&#8217;exemple, durant el passat mes d&#8217;octubre han sorgit actuacions que han abastat tota mena de tipus delictius i afectats, on ha sigut oport\u00fa en molts d&#8217;ells el seguiment que des de fa anys realitzen les unitats <span class=\"hiddenSpellError\">EVIME<\/span> i les patrulles territorials que acudeixen en primera inst\u00e0ncia a molts dels requeriments.<\/p>\n<p style=\"text-align: justify\">El 19 d&#8217;octubre, un menor va ser agafat del coll arran d&#8217;una discussi\u00f3 dom\u00e8stica i que despr\u00e9s d&#8217;escapolir-se del seu padrastre va buscar refugi a casa d&#8217;un ve\u00ed. A aquesta trucada va acudir la unitat territorial m\u00e9s propera, com a la del dia 16, en la qual, una menor va denunciar les puntades i punyades dels seus pares despr\u00e9s d&#8217;estar tot el dia fora de casa. Si b\u00e9 els progenitors entenien adequat el seu dret de correcci\u00f3 per l&#8217;acci\u00f3, els m\u00e8todes es van revelar excessius en aprofundir en el testimoniatge i confirmar ambdues parts colps amb una corretja en esquena i cames.<\/p>\n<p style=\"text-align: justify\">Continua existint retic\u00e8ncia d&#8217;algunes v\u00edctimes, i es fa necessari per tant el requeriment dels actors socials m\u00e9s propers als fets. Com el cas ocorregut dies despr\u00e9s, en el qual, un facultatiu m\u00e8dic va sol\u00b7licitar la pres\u00e8ncia d&#8217;una patrulla en detectar una fractura de c\u00fabit en una dona, que al\u00b7legava era fortu\u00eft, si b\u00e9 es va determinar que era resultat d&#8217;un acte defensiu. Despr\u00e9s d&#8217;entrevistar-se amb ambdues parts, i a la vista de les evid\u00e8ncies i testimoniatges contradictoris, es va procedir com en els casos anteriors a la detenci\u00f3 de l&#8217;agressor. El dia 1 de novembre va ser un d&#8217;aquests hostes el que va sol\u00b7licitar pres\u00e8ncia policial perqu\u00e8 comprovaren les lesions que la seua arrendadora havia patit, que la feia sagnar pel nas i li va causar el trencament de les ulleres. En altres ocasions s\u00f3n els fills els qui requereixen patrulla per a denunciar l&#8217;assetjament patit per la v\u00edctima, com el passat 1 de novembre, en el qual la filla va denunciar davant els agents el control al qual era sotmesa la seua mare per part de la seua actual parella, com col\u00b7locar escuradents en les portes per determinar les entrades i eixides, a m\u00e9s de constar-li una ordre d&#8217;allunyament en vigor. Les mateixes patrulles poden trobar <span class=\"hiddenGrammarError\">al seu pas<\/span> discussions, especialment en horaris nocturns i de matinada. En aquest moment, en atendre la v\u00edctima va caldre procedir a la detenci\u00f3 de l&#8217;home per una den\u00fancia de maltractaments continuats, per\u00f2 que es va resistir fortament a aquesta. Arriba a ser socorreguda l&#8217;estrat\u00e8gia de cridar els serveis d&#8217;emerg\u00e8ncies el mateix agressor, per intentar aix\u00ed legitimar la seua posici\u00f3, si b\u00e9, com va succeir en una actuaci\u00f3 duta a terme el dia 8 d&#8217;octubre, no sol enganyar les patrulles. Malgrat insistir que despr\u00e9s d&#8217;una discussi\u00f3 per la cust\u00f2dia dels menors la seua parella havia relliscat amb un joguet, van ser els mateixos xiquets qui van confirmar la versi\u00f3 de l&#8217;afectada, que havia sigut espentada. Aquesta viol\u00e8ncia dom\u00e8stica o masclista en moltes ocasions sol ser presenciada per menors d&#8217;edat, per\u00f2 s&#8217;arriba a trobar trucades d&#8217;inquilins d&#8217;habitacions que s\u00f3n testimonis de discussions habituals.<\/p>\n<p style=\"text-align: justify\">Les motivacions amb les quals s&#8217;intenta justificar aquests actes s\u00f3n variades, per\u00f2 existeixen algunes molt usades, com la suposada gelosia o trobar-se en estat d&#8217;embriaguesa. Serveix com a exemple el que va succeir en la partida de la Marina en dies anteriors. En aquesta ocasi\u00f3, despr\u00e9s d&#8217;una festa privada amb abund\u00e0ncia d&#8217;alcohol, un home va agafar del coll el gos de la fam\u00edlia i, en ser recriminat per la seua dona, va procedir de la mateixa manera amb ella. L&#8217;afectada va rec\u00f3rrer a trencar un got en el cap de la seua parella per a <span class=\"hiddenSpellError\">escapolir-se. Els actuants van <\/span>trobar-se una escena certament cridanera per la sang i la discussi\u00f3. En altres ocasions, fa acte de pres\u00e8ncia la situaci\u00f3 de drogodepend\u00e8ncia, que per temor a repres\u00e0lies comporta que les exparelles accedisquen a facilitar diners i, en negar-se o ser recriminada tal actitud per familiars, resulten en agressions. El mateix dia 11, la filla dels implicats en una situaci\u00f3 familiar similar va ser agredida en aquests termes Es va aconseguir localitzar i detenir l&#8217;autor en un altre domicili. En tots aquests casos, no es tractava del primer acte violent, sin\u00f3 que \u00e9s habitual el seu exercici.<\/p>\n<p style=\"text-align: justify\">Aquestes actuacions s\u00f3n un exemple de l&#8217;heterogeni camp en el qual es mouen les unitats policials de tots dos cossos presents en la ciutat, Policia Local i Policia Nacional, que a m\u00e9s ara milloren la seua coordinaci\u00f3. Es realitzar\u00e0 un repartiment de seguiments a trav\u00e9s de la base de dades nacional per a casos de Viol\u00e8ncia de G\u00e8nere (<span class=\"hiddenSpellError\">VioGen<\/span>), mantingut pel Ministeri d&#8217;Interior, cosa que afavoreix l&#8217;efic\u00e0cia i deguda atenci\u00f3.<\/p>\n<p style=\"text-align: justify\">En la lluita efectiva contra aquest tipus de viol\u00e8ncia \u00e9s fonamental la col\u00b7laboraci\u00f3 ciutadana, i es recomana a les v\u00edctimes la consulta de qualsevol dubte en el tel\u00e8fon 016, que no deixa cap tipus de rastre en la factura. Mentrestant, la r\u00e0pida assist\u00e8ncia de les unitats territorials i el tracte personalitzat de les patrulles <span class=\"hiddenSpellError\">EVIME<\/span> contribueixen a millorar l&#8217;assist\u00e8ncia als afectats, i eviten aix\u00ed en molts casos mals majors.<\/p>\n<p>&nbsp;<\/p>\n","protected":false},"excerpt":{"rendered":"<p>Tant la Unitat especialitzada com les patrulles han d&#8217;atendre serveis de molt variada motivaci\u00f3 i gravetat. Recentment la Regidoria d&#8217;Igualtat ha elaborat el primer Pla Municipal contra la Viol\u00e8ncia Masclista, [&hellip;]<\/p>\n","protected":false},"author":77,"featured_media":41471,"comment_status":"closed","ping_status":"closed","sticky":false,"template":"","format":"standard","meta":{"footnotes":""},"categories":[238],"tags":[],"class_list":["post-41475","post","type-post","status-publish","format-standard","has-post-thumbnail","hentry","category-policia-local-va"],"_links":{"self":[{"href":"https:\/\/www.elche.es\/va\/wp-json\/wp\/v2\/posts\/41475","targetHints":{"allow":["GET"]}}],"collection":[{"href":"https:\/\/www.elche.es\/va\/wp-json\/wp\/v2\/posts"}],"about":[{"href":"https:\/\/www.elche.es\/va\/wp-json\/wp\/v2\/types\/post"}],"author":[{"embeddable":true,"href":"https:\/\/www.elche.es\/va\/wp-json\/wp\/v2\/users\/77"}],"replies":[{"embeddable":true,"href":"https:\/\/www.elche.es\/va\/wp-json\/wp\/v2\/comments?post=41475"}],"version-history":[{"count":0,"href":"https:\/\/www.elche.es\/va\/wp-json\/wp\/v2\/posts\/41475\/revisions"}],"wp:featuredmedia":[{"embeddable":true,"href":"https:\/\/www.elche.es\/va\/wp-json\/wp\/v2\/media\/41471"}],"wp:attachment":[{"href":"https:\/\/www.elche.es\/va\/wp-json\/wp\/v2\/media?parent=41475"}],"wp:term":[{"taxonomy":"category","embeddable":true,"href":"https:\/\/www.elche.es\/va\/wp-json\/wp\/v2\/categories?post=41475"},{"taxonomy":"post_tag","embeddable":true,"href":"https:\/\/www.elche.es\/va\/wp-json\/wp\/v2\/tags?post=41475"}],"curies":[{"name":"wp","href":"https:\/\/api.w.org\/{rel}","templated":true}]}}