{"id":41543,"date":"2017-11-24T09:40:53","date_gmt":"2017-11-24T08:40:53","guid":{"rendered":"http:\/\/www.elche.es\/va\/2017\/11\/los-nuevos-contenedores-de-recogida-de-aceite-domestico-evitan-el-vertido-al-alcantarillado-de-mas-45-toneladas\/"},"modified":"2017-11-24T11:05:49","modified_gmt":"2017-11-24T10:05:49","slug":"los-nuevos-contenedores-de-recogida-de-aceite-domestico-evitan-el-vertido-al-alcantarillado-de-mas-45-toneladas","status":"publish","type":"post","link":"https:\/\/www.elche.es\/va\/2017\/11\/los-nuevos-contenedores-de-recogida-de-aceite-domestico-evitan-el-vertido-al-alcantarillado-de-mas-45-toneladas\/","title":{"rendered":"Els nous contenidors de recollida d&#8217;oli dom\u00e8stic eviten l&#8217;abocament al clavegueram de m\u00e9s 4,5 tones"},"content":{"rendered":"<blockquote>\n<p style=\"text-align: justify\">El regidor de Neteja, H\u00e9ctor D\u00edez, valora molt positivament el funcionament dels 23 contenidors instal\u00b7lats fa quatre mesos i mig i anima les comunitats de ve\u00efns a sol\u00b7licitar-los<\/p>\n<\/blockquote>\n<p style=\"text-align: justify\">El regidor de Neteja, <span class=\"hiddenSpellError\">H\u00e9ctor<\/span> <span class=\"hiddenSpellError\">D\u00edez<\/span>, ha fet hui balan\u00e7 dels quatre primers mesos de funcionament del servei de recollida selectiva d&#8217;oli dom\u00e8stic. Un servei gr\u00e0cies al qual s&#8217;ha evitat que vaja al clavegueram un total de 4.592 litres d&#8217;oli dom\u00e8stic.<\/p>\n<p style=\"text-align: justify\">Aix\u00ed ho ha explicat <span class=\"hiddenSpellError\">D\u00edez,<\/span> qui ha recordat que fa ara un poc m\u00e9s de quatre mesos, l&#8217;Ajuntament va instal\u00b7lar en el nucli urb\u00e0 i en les pedanies un total de 23 contenidors d&#8217;oli amb l&#8217;objectiu de facilitar als il\u00b7licitans la correcta gesti\u00f3 d&#8217;un residu altament contaminant i que habitualment acaba en la xarxa de sanejament.<\/p>\n<p style=\"text-align: justify\">&#8220;Fa quatre mesos i mig que l&#8217;equip de govern va posar en marxa aquest servei, i despr\u00e9s d&#8217;aquest temps fem un balan\u00e7 molt positiu&#8221;, ha explicat el regidor, qui ha afegit que &#8220;estem parlant que aquests nous contenidors i la col\u00b7laboraci\u00f3 ciutadana han evitat que s&#8217;aboquen a la xarxa de clavegueram m\u00e9s de 4,5 tones d&#8217;oli amb el conseg\u00fcent benefici per al medi ambient&#8221;. Tal com ha explicat el regidor: &#8220;un litre d&#8217;oli contamina prop de 40.000 litres d&#8217;aigua potable&#8221;.<\/p>\n<p style=\"text-align: justify\">El responsable de neteja ha indicat que &#8220;gr\u00e0cies al reciclatge de l&#8217;oli dom\u00e8stic s&#8217;eviten males olors i embossos en els desguassos de les cases, a m\u00e9s, contribu\u00efm al fet que les depuradores del nostre entorn funcionen molt millor i millorem el medi ambient&#8221;.<\/p>\n<p style=\"text-align: justify\">Aquests nous contenidors permeten reciclar un residu altament contaminant i el converteixen en un biocombustible que contribueix a la reducci\u00f3 d&#8217;emissions contaminants a l&#8217;atmosfera, i es tanca aix\u00ed el cercle en un marc d&#8217;economia circular.<\/p>\n<p style=\"text-align: justify\">En l&#8217;actualitat, Elx compta amb 23 contenidors: 16 en el nucli urb\u00e0 repartits per tots els barris i 8 en les pedanies (l&#8217;Altet, Torrellano, la Marina, la Foia, la <span class=\"hiddenSpellError\">Baia<\/span>, els Arenals del Sol, Perleta i la Vallverda). Els contenidors tenen una capacitat de 240 litres i se situen al costat dels punts de recollida selectiva com un contenidor m\u00e9s.<\/p>\n<p style=\"text-align: justify\">Cal recordar que per a utilitzar-los cal dipositar l&#8217;oli usat en botelles de PVC, mai de vidre.<\/p>\n<p style=\"text-align: justify\"><strong>CONTENIDORS PER A COMUNITATS DE PROPIETARIS<\/strong><br \/>\nEl regidor ha recordat que a trav\u00e9s de la contracta s&#8217;ofereix la possibilitat d&#8217;instal\u00b7lar els contenidors esmentats anteriorment en comunitat de ve\u00efns o centres productors que ho demanden. Les comunitats de ve\u00efns interessades poden sol\u00b7licitar un contenidor en el tel\u00e8fon 965 411 060.<\/p>\n<p style=\"text-align: justify\">D&#8217;altra banda, el pr\u00f2xim any es posar\u00e0 en marxa un pla de sensibilitzaci\u00f3 i comunicaci\u00f3 que consta de d\u00edptics informatius, xarrades en centres indicats per l&#8217;Ajuntament i falques de r\u00e0dio, amb la finalitat de seguir incrementant les xifres d&#8217;oli reciclat.<\/p>\n<p>&nbsp;<\/p>\n","protected":false},"excerpt":{"rendered":"<p>El regidor de Neteja, H\u00e9ctor D\u00edez, valora molt positivament el funcionament dels 23 contenidors instal\u00b7lats fa quatre mesos i mig i anima les comunitats de ve\u00efns a sol\u00b7licitar-los El regidor [&hellip;]<\/p>\n","protected":false},"author":131,"featured_media":41522,"comment_status":"closed","ping_status":"closed","sticky":false,"template":"","format":"standard","meta":{"footnotes":""},"categories":[680,211],"tags":[],"class_list":["post-41543","post","type-post","status-publish","format-standard","has-post-thumbnail","hentry","category-mantenimiento-va","category-medi-ambient-va"],"_links":{"self":[{"href":"https:\/\/www.elche.es\/va\/wp-json\/wp\/v2\/posts\/41543","targetHints":{"allow":["GET"]}}],"collection":[{"href":"https:\/\/www.elche.es\/va\/wp-json\/wp\/v2\/posts"}],"about":[{"href":"https:\/\/www.elche.es\/va\/wp-json\/wp\/v2\/types\/post"}],"author":[{"embeddable":true,"href":"https:\/\/www.elche.es\/va\/wp-json\/wp\/v2\/users\/131"}],"replies":[{"embeddable":true,"href":"https:\/\/www.elche.es\/va\/wp-json\/wp\/v2\/comments?post=41543"}],"version-history":[{"count":0,"href":"https:\/\/www.elche.es\/va\/wp-json\/wp\/v2\/posts\/41543\/revisions"}],"wp:featuredmedia":[{"embeddable":true,"href":"https:\/\/www.elche.es\/va\/wp-json\/wp\/v2\/media\/41522"}],"wp:attachment":[{"href":"https:\/\/www.elche.es\/va\/wp-json\/wp\/v2\/media?parent=41543"}],"wp:term":[{"taxonomy":"category","embeddable":true,"href":"https:\/\/www.elche.es\/va\/wp-json\/wp\/v2\/categories?post=41543"},{"taxonomy":"post_tag","embeddable":true,"href":"https:\/\/www.elche.es\/va\/wp-json\/wp\/v2\/tags?post=41543"}],"curies":[{"name":"wp","href":"https:\/\/api.w.org\/{rel}","templated":true}]}}