{"id":42175,"date":"2017-12-01T07:47:38","date_gmt":"2017-12-01T06:47:38","guid":{"rendered":"http:\/\/www.elche.es\/va\/2017\/12\/aparatosa-salida-de-via-tras-conduccion-temeraria-y-positivo-en-estupefacientes\/"},"modified":"2017-12-01T09:44:57","modified_gmt":"2017-12-01T08:44:57","slug":"aparatosa-salida-de-via-tras-conduccion-temeraria-y-positivo-en-estupefacientes","status":"publish","type":"post","link":"https:\/\/www.elche.es\/va\/2017\/12\/aparatosa-salida-de-via-tras-conduccion-temeraria-y-positivo-en-estupefacientes\/","title":{"rendered":"Aparatosa eixida de via despr\u00e9s de conducci\u00f3 temer\u00e0ria i positiu en estupefaents"},"content":{"rendered":"<p style=\"text-align: justify\"><strong><b>En el coctxe hi havia un menor de nou anys, i es va comprovar posteriorment que, almenys, el conductor havia consumit estupefaents minuts abans de la fugida.<\/b><\/strong><\/p>\n<p style=\"text-align: justify\">El dia 27 de novembre a les 23.50 hores, la unitat territorial assignada a tasques de prevenci\u00f3 en la zona Antonio Brotons Pastor va detectar com un vehicle, en adonar-se de la seua pres\u00e8ncia, va intentar eludir el seu punt. Davant aquesta situaci\u00f3, la patrulla va procedir a arribar-hi i donar l&#8217;alt immediatament, que el conductor va ignorar i va continuar accelerant.<\/p>\n<p style=\"text-align: justify\">Activats els sistemes ac\u00fastics i lluminosos en reiterades ocasions, els agents van optar per radiar la seua posici\u00f3 i iniciar el setge del vehicle fins a aconseguir la seua detenci\u00f3. Durant l&#8217;execuci\u00f3 del preceptiu dispositiu, el conductor va infringir reiteradament les m\u00e9s elementals normes de tr\u00e0nsit, circulant a alta velocitat i no detenint-se davant cap senyal de tr\u00e0nsit, amb el conseg\u00fcent risc per a la seua integritat f\u00edsica, la dels ocupants del turisme i la resta d&#8217;usuaris de la via.<\/p>\n<p style=\"text-align: justify\">A l&#8217;altura del cam\u00ed del Bolo es va poder realitzar un <span class=\"hiddenGrammarError\">improvisat tall <\/span>que la patrulla, davant l&#8217;evident menyspreu davant la integritat dels agents i el risc de col\u00b7lisi\u00f3, va al\u00e7ar a fi d&#8217;evitar mals majors, prosseguint direcci\u00f3 Crevillent. <span class=\"hiddenGrammarError\">No obstant aix\u00f2,<\/span> una <span class=\"hiddenGrammarError\">de les patrulles<\/span> perseguidores va aconseguir arribar fins al conductor i posar-se a la seua altura. Va ser en aquest moment quan, fruit d&#8217;una maniobra evasiva fallida o de manera intencionada, va arremetre contra el vehicle policial i va ocasionar l&#8217;eixida de les dues unitats i la bolcada del seu propi turisme.<\/p>\n<p style=\"text-align: justify\">Afortunadament, les lesions patides per part de tots els implicats van ser lleus, baixant volunt\u00e0riament l&#8217;acompanyant i oposant resist\u00e8ncia activa el conductor. Els agents, prudents durant la persecuci\u00f3 en descon\u00e9ixer la naturalesa de la fugida, van observar la pres\u00e8ncia d&#8217;un menor de nou anys a l&#8217;interior del vehicle, que va ser lliurat a la seua mare, despr\u00e9s de comprovar el seu estat de salut en centre m\u00e8dic. Va indicar que s&#8217;havia anat amb aquestes persones a sopar fora de casa, alguna cosa relativament habitual, quedant informada del succe\u00eft.<\/p>\n<p style=\"text-align: justify\">Per la seua banda, el conductor va ser sotm\u00e9s a una prova indici\u00e0ria de consum d&#8217;estupefaents i va donar positiu, i es va quedar aix\u00ed a l&#8217;espera d&#8217;an\u00e0lisi de laboratori. <span class=\"hiddenGrammarError\">No obstant aix\u00f2<\/span>, durant les gestions es va recon\u00e9ixer el consum de droga minuts abans de l&#8217;albirament. A aix\u00f2 cal afegir una ordre d&#8217;allunyament m\u00fatua en vigor dels dos ocupants, motiu pel qual, juntament amb tot l&#8217;anteriorment exposat es procedeix a la detenci\u00f3 dels implicats i el seu trasllat a depend\u00e8ncies policials.<\/p>\n<p>&nbsp;<\/p>\n","protected":false},"excerpt":{"rendered":"<p>En el coctxe hi havia un menor de nou anys, i es va comprovar posteriorment que, almenys, el conductor havia consumit estupefaents minuts abans de la fugida. El dia 27 [&hellip;]<\/p>\n","protected":false},"author":77,"featured_media":42143,"comment_status":"closed","ping_status":"closed","sticky":false,"template":"","format":"standard","meta":{"footnotes":""},"categories":[238],"tags":[],"class_list":["post-42175","post","type-post","status-publish","format-standard","has-post-thumbnail","hentry","category-policia-local-va"],"_links":{"self":[{"href":"https:\/\/www.elche.es\/va\/wp-json\/wp\/v2\/posts\/42175","targetHints":{"allow":["GET"]}}],"collection":[{"href":"https:\/\/www.elche.es\/va\/wp-json\/wp\/v2\/posts"}],"about":[{"href":"https:\/\/www.elche.es\/va\/wp-json\/wp\/v2\/types\/post"}],"author":[{"embeddable":true,"href":"https:\/\/www.elche.es\/va\/wp-json\/wp\/v2\/users\/77"}],"replies":[{"embeddable":true,"href":"https:\/\/www.elche.es\/va\/wp-json\/wp\/v2\/comments?post=42175"}],"version-history":[{"count":0,"href":"https:\/\/www.elche.es\/va\/wp-json\/wp\/v2\/posts\/42175\/revisions"}],"wp:featuredmedia":[{"embeddable":true,"href":"https:\/\/www.elche.es\/va\/wp-json\/wp\/v2\/media\/42143"}],"wp:attachment":[{"href":"https:\/\/www.elche.es\/va\/wp-json\/wp\/v2\/media?parent=42175"}],"wp:term":[{"taxonomy":"category","embeddable":true,"href":"https:\/\/www.elche.es\/va\/wp-json\/wp\/v2\/categories?post=42175"},{"taxonomy":"post_tag","embeddable":true,"href":"https:\/\/www.elche.es\/va\/wp-json\/wp\/v2\/tags?post=42175"}],"curies":[{"name":"wp","href":"https:\/\/api.w.org\/{rel}","templated":true}]}}