{"id":42260,"date":"2017-12-01T12:03:17","date_gmt":"2017-12-01T11:03:17","guid":{"rendered":"http:\/\/www.elche.es\/va\/2017\/12\/diciembre-la-urbanizacion-del-barrio-de-les-pataes\/"},"modified":"2018-08-07T08:02:14","modified_gmt":"2018-08-07T07:02:14","slug":"diciembre-la-urbanizacion-del-barrio-de-les-pataes","status":"publish","type":"post","link":"https:\/\/www.elche.es\/va\/2017\/12\/diciembre-la-urbanizacion-del-barrio-de-les-pataes\/","title":{"rendered":"Desembre: la urbanitzaci\u00f3 del barri de &#8220;les Pataes&#8221;"},"content":{"rendered":"<div class=\"wpb-content-wrapper\"><p style=\"text-align: justify\">[vc_row][vc_column][vc_column_text]<a href=\"https:\/\/www.elche.es\/wp-content\/uploads\/2017\/12\/P15-19f.jpg\"><img loading=\"lazy\" decoding=\"async\" class=\"alignleft size-medium wp-image-42214\" src=\"https:\/\/www.elche.es\/wp-content\/uploads\/2017\/12\/P15-19f-217x300.jpg\" alt=\"P15-19f\" width=\"217\" height=\"300\" srcset=\"https:\/\/www.elche.es\/wp-content\/uploads\/2017\/12\/P15-19f-217x300.jpg 217w, https:\/\/www.elche.es\/wp-content\/uploads\/2017\/12\/P15-19f-768x1061.jpg 768w, https:\/\/www.elche.es\/wp-content\/uploads\/2017\/12\/P15-19f-741x1024.jpg 741w, https:\/\/www.elche.es\/wp-content\/uploads\/2017\/12\/P15-19f.jpg 1000w\" sizes=\"auto, (max-width: 217px) 100vw, 217px\" \/><\/a>El gener de 2017 dediquem la secci\u00f3 del document del mes a la urbanitzaci\u00f3 del barri de l&#8217;Asil, i volem acabar l&#8217;any amb un altre projecte, aquesta vegada en l&#8217;altre costat de la ciutat: el barri de <em>les <span class=\"hiddenSpellError\">Pataes<\/span><\/em>, situat en el cam\u00ed Vell de Santa Pola, actual carrer Porta de la Morera. En realitat, aquesta zona va ser urbanitzada en dues fases. La primera va ser duta a terme per Antoni <span class=\"hiddenSpellError\">Ceva i<\/span> Lafuente, propietari de l&#8217;hort que va donar nom a aquest barri, el 1900; i la segona, en el palmerar propietat d&#8217;Antonio Serrano Mic\u00f3, que \u00e9s el pl\u00e0nol que presentem com a document del mes de desembre, realitzat pel perit agr\u00edcola <span class=\"hiddenSpellError\">Francisco<\/span> Pic\u00f3 el 1904.<\/p>\n<p style=\"text-align: justify\">Segons podem observar en el pl\u00e0nol, l&#8217;hort de les Puntades, estava delimitat pel nord amb el cam\u00ed dels Bous (o del Bou, actual escultor <span class=\"hiddenSpellError\">Capuz<\/span>); pel sud, amb el cam\u00ed del Partidor (carrer Porta de la Morera o cam\u00ed Vell de Santa Pola); a l&#8217;est per l&#8217;hort de <span class=\"hiddenGreenError\">don<\/span> Jos\u00e9 i de <span class=\"hiddenSpellError\">donya<\/span> Francisca Castany (hort de <span class=\"hiddenSpellError\">Manxon<\/span>), i per l&#8217;oest amb el barri recentment al\u00e7at, anomenat del Carme (carrer de <span class=\"hiddenSpellError\">Daoiz<\/span>).<\/p>\n<p style=\"text-align: justify\">El projecte consistia a obrir quatre carrers direcci\u00f3 est-oest que serien continuaci\u00f3 dels carrers ja existents del barri del Carme: <span class=\"hiddenSpellError\">Velarde<\/span>, Vel\u00e1zquez, i Jos\u00e9 Ramos, m\u00e9s una altra de nova, Alfons X. I dues vies m\u00e9s en direcci\u00f3 nord-sud: Beethoven i Antoni <span class=\"hiddenSpellError\">Sansano<\/span> Fenoll, aquesta \u00faltima en homenatge al fundador del cor <span class=\"hiddenSpellError\">Clav\u00e9<\/span>. Quedaven aix\u00ed definides una s\u00e8rie d&#8217;illa de cases i parcel\u00b7les d&#8217;entre 80 i 120 m\u00b2, per a la construcci\u00f3 de cases de planta baixa. Com a curiositat, el promotor d&#8217;aquesta obra va sol\u00b7licitar que aquest barri portara el seu nom: barri de Serrano, i aix\u00ed apareix en moltes sol\u00b7licituds d&#8217;obra, per\u00f2 al llarg del temps ha prevalgut el seu nom col\u00b7loquial: de <em>les <span class=\"hiddenSpellError\">Pataes<\/span><\/em>.<\/p>\n<p style=\"text-align: justify\">Durant l&#8217;exposici\u00f3 al p\u00fablic d&#8217;aquest projecte no va haver-hi cap oposici\u00f3 a aquest. Al contrari, els ve\u00efns ho van veure com un benefici per al poble, com va exposar un d&#8217;ells, <span class=\"hiddenSpellError\">Pascual<\/span> <span class=\"hiddenSpellError\">Escobar<\/span> <span class=\"hiddenSpellError\">Marco<\/span> dient: &#8220;que el projecte d&#8217;urbanitzaci\u00f3 de l&#8217;hort de les Puntades el considera altament benefici\u00f3s per a la localitat, ja que amb aquest barri se satisfar\u00e0 en part la demanda d&#8217;habitaci\u00f3 hui excessiva pel gran nombre d&#8217;industrials forasters que han vingut a establir-se en aquesta poblaci\u00f3&#8221;.<\/p>\n<p style=\"text-align: justify\">No obstant aix\u00f2, despr\u00e9s d&#8217;estar aprovat i amb algunes de les parcel\u00b7les ja venudes, els ve\u00efns dels barris adjacents de Sant <span class=\"hiddenSpellError\">Miquel<\/span> i del <span class=\"hiddenSpellError\">Carme<\/span> (entre ells Jos\u00e9 Pic\u00f3, el pare de l&#8217;autor del projecte), es van queixar que l&#8217;\u00faltima filera de cases del carrer Antoni <span class=\"hiddenSpellError\">Sansano<\/span> Fenoll tancava els carrers i impedia la visi\u00f3 dels horts de palmeres, per la qual cosa va ser eliminada del projecte. Aquesta modificaci\u00f3 permetria tamb\u00e9 perllongar aquests carrers en el cas que s&#8217;haguera urbanitzat l&#8217;hort de <span class=\"hiddenSpellError\">Manxon<\/span>, com era la intenci\u00f3 de la seua propiet\u00e0ria, encara que no es va arribar a realitzar.<\/p>\n<p style=\"text-align: justify\">Aquest barri de<em> les <span class=\"hiddenSpellError\">Pataes<\/span><\/em> i altres confrontants, com el de Barrera, Sant <span class=\"hiddenSpellError\">Miquel<\/span> o el de Xinxilla, els projectes del qual es conserven tamb\u00e9 en l&#8217;AHME, es van realitzar a costa dels horts de palmeres. Es tractava d&#8217;iniciatives privades d&#8217;urbanitzaci\u00f3 de xicotetes parcel\u00b7les que obrien diversos carrers. Amb el barri de l&#8217;Asil, i posteriorment el barri del Pont Nou, canviar\u00e0 la manera d&#8217;urbanitzaci\u00f3: grans extensions, carrers en quadr\u00edcula a partir dels ponts i els eixos de comunicaci\u00f3; i la zona de creixement de la ciutat que, juntament amb la legislaci\u00f3 que protegia les palmeres, permetr\u00e0 salvar la resta de palmerar que existia.[\/vc_column_text][\/vc_column][\/vc_row]<\/p>\n<\/div>","protected":false},"excerpt":{"rendered":"<p>[vc_row][vc_column][vc_column_text]El gener de 2017 dediquem la secci\u00f3 del document del mes a la urbanitzaci\u00f3 del barri de l&#8217;Asil, i volem acabar l&#8217;any amb un altre projecte, aquesta vegada en l&#8217;altre [&hellip;]<\/p>\n","protected":false},"author":131,"featured_media":66600,"comment_status":"closed","ping_status":"closed","sticky":false,"template":"","format":"standard","meta":{"footnotes":""},"categories":[192,193],"tags":[450,1584,1585],"class_list":["post-42260","post","type-post","status-publish","format-standard","has-post-thumbnail","hentry","category-arxiu","category-cultura-va","tag-ahme-va","tag-historia-de-elche-va","tag-urbanizacion-elche-va"],"_links":{"self":[{"href":"https:\/\/www.elche.es\/va\/wp-json\/wp\/v2\/posts\/42260","targetHints":{"allow":["GET"]}}],"collection":[{"href":"https:\/\/www.elche.es\/va\/wp-json\/wp\/v2\/posts"}],"about":[{"href":"https:\/\/www.elche.es\/va\/wp-json\/wp\/v2\/types\/post"}],"author":[{"embeddable":true,"href":"https:\/\/www.elche.es\/va\/wp-json\/wp\/v2\/users\/131"}],"replies":[{"embeddable":true,"href":"https:\/\/www.elche.es\/va\/wp-json\/wp\/v2\/comments?post=42260"}],"version-history":[{"count":0,"href":"https:\/\/www.elche.es\/va\/wp-json\/wp\/v2\/posts\/42260\/revisions"}],"wp:featuredmedia":[{"embeddable":true,"href":"https:\/\/www.elche.es\/va\/wp-json\/wp\/v2\/media\/66600"}],"wp:attachment":[{"href":"https:\/\/www.elche.es\/va\/wp-json\/wp\/v2\/media?parent=42260"}],"wp:term":[{"taxonomy":"category","embeddable":true,"href":"https:\/\/www.elche.es\/va\/wp-json\/wp\/v2\/categories?post=42260"},{"taxonomy":"post_tag","embeddable":true,"href":"https:\/\/www.elche.es\/va\/wp-json\/wp\/v2\/tags?post=42260"}],"curies":[{"name":"wp","href":"https:\/\/api.w.org\/{rel}","templated":true}]}}