{"id":42343,"date":"2017-12-04T07:12:52","date_gmt":"2017-12-04T06:12:52","guid":{"rendered":"http:\/\/www.elche.es\/va\/2017\/12\/inicio-de-la-campana-de-control-de-transporte-escolar-y-de-menores\/"},"modified":"2017-12-04T08:14:44","modified_gmt":"2017-12-04T07:14:44","slug":"inicio-de-la-campana-de-control-de-transporte-escolar-y-de-menores","status":"publish","type":"post","link":"https:\/\/www.elche.es\/va\/2017\/12\/inicio-de-la-campana-de-control-de-transporte-escolar-y-de-menores\/","title":{"rendered":"Inici de la Campanya de control de transport escolar i de menors"},"content":{"rendered":"<p style=\"text-align: justify\"><strong><b>En els primers dies de vigil\u00e0ncia s&#8217;han detectat xicotetes incid\u00e8ncies i car\u00e8ncia d&#8217;autoritzacions per errors administratius.<\/b><\/strong><\/p>\n<p style=\"text-align: justify\">Des de l&#8217;inici de la Campanya per part dels membres especialitzats en Transport de la unitat de delinq\u00fc\u00e8ncia vi\u00e0ria tan sols ha calgut denunciar un conductor, per no solucionar una avaria en l&#8217;avisador ac\u00fastic de marxa arrere i que forma part dels elements de seguretat b\u00e0sics per a aquest tipus de vehicles i transport.<\/p>\n<p style=\"text-align: justify\">Sota la coordinaci\u00f3 de l&#8217;oficial, s&#8217;han inspeccionat mitja dotzena d&#8217;autobusos, i s&#8217;han realitzat inspeccions amb la minuciositat pr\u00f2pia d&#8217;aquesta unitat. Aquesta s&#8217;enfocar\u00e0 a la comprovaci\u00f3 de les condicions de seguretat exigides per la normativa, comprovant l&#8217;obertura manual de portes des de l&#8217;exterior, estat d&#8217;extintors, farmaciola, martells trencavidres o acreditaci\u00f3 del guia acompanyant, si f\u00f3ra necessari. A m\u00e9s, aquesta haur\u00e0 de con\u00e9ixer la ubicaci\u00f3 de finestres d&#8217;emerg\u00e8ncia i altres indicacions b\u00e0siques en cas de necessitat, sense obviar la l\u00f2gica documentaci\u00f3 tant del vehicle com del conductor.<\/p>\n<p>&nbsp;<\/p>\n","protected":false},"excerpt":{"rendered":"<p>En els primers dies de vigil\u00e0ncia s&#8217;han detectat xicotetes incid\u00e8ncies i car\u00e8ncia d&#8217;autoritzacions per errors administratius. Des de l&#8217;inici de la Campanya per part dels membres especialitzats en Transport de [&hellip;]<\/p>\n","protected":false},"author":77,"featured_media":42337,"comment_status":"closed","ping_status":"closed","sticky":false,"template":"","format":"standard","meta":{"footnotes":""},"categories":[238],"tags":[],"class_list":["post-42343","post","type-post","status-publish","format-standard","has-post-thumbnail","hentry","category-policia-local-va"],"_links":{"self":[{"href":"https:\/\/www.elche.es\/va\/wp-json\/wp\/v2\/posts\/42343","targetHints":{"allow":["GET"]}}],"collection":[{"href":"https:\/\/www.elche.es\/va\/wp-json\/wp\/v2\/posts"}],"about":[{"href":"https:\/\/www.elche.es\/va\/wp-json\/wp\/v2\/types\/post"}],"author":[{"embeddable":true,"href":"https:\/\/www.elche.es\/va\/wp-json\/wp\/v2\/users\/77"}],"replies":[{"embeddable":true,"href":"https:\/\/www.elche.es\/va\/wp-json\/wp\/v2\/comments?post=42343"}],"version-history":[{"count":0,"href":"https:\/\/www.elche.es\/va\/wp-json\/wp\/v2\/posts\/42343\/revisions"}],"wp:featuredmedia":[{"embeddable":true,"href":"https:\/\/www.elche.es\/va\/wp-json\/wp\/v2\/media\/42337"}],"wp:attachment":[{"href":"https:\/\/www.elche.es\/va\/wp-json\/wp\/v2\/media?parent=42343"}],"wp:term":[{"taxonomy":"category","embeddable":true,"href":"https:\/\/www.elche.es\/va\/wp-json\/wp\/v2\/categories?post=42343"},{"taxonomy":"post_tag","embeddable":true,"href":"https:\/\/www.elche.es\/va\/wp-json\/wp\/v2\/tags?post=42343"}],"curies":[{"name":"wp","href":"https:\/\/api.w.org\/{rel}","templated":true}]}}