{"id":42973,"date":"2017-12-12T09:15:38","date_gmt":"2017-12-12T08:15:38","guid":{"rendered":"http:\/\/www.elche.es\/va\/2017\/12\/el-ayuntamiento-rinde-homenaje-a-deportistas-del-club-natacion-tenis-de-elche-y-al-nadador-de-aguas-abiertas-jose-luis-larrosa\/"},"modified":"2017-12-12T09:52:25","modified_gmt":"2017-12-12T08:52:25","slug":"el-ayuntamiento-rinde-homenaje-a-deportistas-del-club-natacion-tenis-de-elche-y-al-nadador-de-aguas-abiertas-jose-luis-larrosa","status":"publish","type":"post","link":"https:\/\/www.elche.es\/va\/2017\/12\/el-ayuntamiento-rinde-homenaje-a-deportistas-del-club-natacion-tenis-de-elche-y-al-nadador-de-aguas-abiertas-jose-luis-larrosa\/","title":{"rendered":"L&#8217;Ajuntament ret homenatge a esportistes del Club Nataci\u00f3 Tenis d&#8217;Elx i al nadador d&#8217;aig\u00fces obertes Jos\u00e9 Luis Larrosa"},"content":{"rendered":"<blockquote>\n<p style=\"text-align: justify\">L&#8217;alcalde, Carlos Gonz\u00e1lez, i el regidor d&#8217;Esports, Jes\u00fas Pareja, els reben en el sal\u00f3 de plens per a felicitar-los pels seus \u00e8xits esportius i lliurar-los distincions i diplomes<\/p>\n<\/blockquote>\n<p style=\"text-align: justify\">L&#8217;alcalde d&#8217;Elx, <span class=\"hiddenSpellError\">Carlos<\/span> Gonz\u00e1lez, i el regidor d&#8217;Esports, Jes\u00fas <span class=\"hiddenSpellError\">Pareja<\/span>, han rebut en el sal\u00f3 de plens el nadador il\u00b7licit\u00e0 d&#8217;aig\u00fces obertes Jos\u00e9 Luis Larrosa i nadadors del Club Nataci\u00f3 Tenis d&#8217;Elx per a fer-los un reconeixement institucional pels seus \u00e8xits esportius. Tant l&#8217;alcalde com el regidor van agrair el treball que realitzen i l&#8217;exemple que donen aquests esportistes, aix\u00ed com el paper dels seus entrenadors i fam\u00edlies, indispensable per a desenvolupar la seua activitat, tal com va expressar <span class=\"hiddenSpellError\">Carlos<\/span> Gonz\u00e1lez.<\/p>\n<p style=\"text-align: justify\">Jos\u00e9 Luis Larrosa (Elx, 1981) entrena a Mal\u00e0isia nadadors i escolars i organitza proves de llarga dist\u00e0ncia en el Mar de la Xina, a m\u00e9s d&#8217;impulsar projectes solidaris. Va guanyar dues vegades la travessia m\u00e9s llarga del m\u00f3n, 81 quil\u00f2metres en el contaminat riu Ganges d&#8217;\u00cdndia, entre les ciutats de <span class=\"hiddenSpellError\">Jangipur<\/span> i <span class=\"hiddenSpellError\">Berhampur<\/span>. Ha guanyat quatre vegades la travessia Tabarca-Alacant, de 21 quil\u00f2metres. Tamb\u00e9 ha sigut primer en <span class=\"hiddenSpellError\">Kalamata<\/span>, Gr\u00e8cia, en la prova internacional de 30 quil\u00f2metres. Ha nadat proves a Cro\u00e0cia, Tail\u00e0ndia, Mal\u00e0isia, Pol\u00f2nia, It\u00e0lia, Fran\u00e7a, Austr\u00e0lia, Argentina, Brasil, etc\u00e8tera.<\/p>\n<p style=\"text-align: justify\">Per la seua banda, els esportistes del Club Nataci\u00f3 Tenis d&#8217;Elx, distingits amb diplomes han sigut:<\/p>\n<p style=\"text-align: justify\">Nadadora internacional amb la selecci\u00f3 espanyola i medallista individual nacional en la temporada 2016\/12017:<\/p>\n<p style=\"text-align: justify\">&#8211;<span class=\"hiddenSpellError\">Roc\u00edo<\/span> Gonz\u00e1lez-<span class=\"hiddenSpellError\">Espresati<\/span>: medalla de plata en el nacional d&#8217;hivern j\u00fanior i bronze en els nacionals j\u00fanior d&#8217;estiu i absolut jove d&#8217;hivern. A m\u00e9s, ha sigut medallista en l&#8217;Internacional <span class=\"hiddenSpellError\">Energy<\/span> <span class=\"hiddenSpellError\">Standard<\/span> Cup 2017 amb la selecci\u00f3 espanyola i internacional amb l&#8217;equip nacional j\u00fanior de l&#8217;europeu d&#8217;enguany 2017.<\/p>\n<p style=\"text-align: justify\">Nadadors medallistes nacionals individuals en la temporada 2016\/2017:<\/p>\n<p style=\"text-align: justify\">&#8211;<span class=\"hiddenSpellError\">Mariam<\/span> <span class=\"hiddenSpellError\">Parre\u00f1o<\/span>: campiona d&#8217;Espanya infantil, a m\u00e9s de dues medalles de bronze en altres proves.<\/p>\n<p style=\"text-align: justify\">-Marina <span class=\"hiddenSpellError\">L\u00e1zaro<\/span>: campiona d&#8217;Espanya infantil, a m\u00e9s de subcampiona en una altra prova i tercera en una altra.<\/p>\n<p style=\"text-align: justify\">&#8211; <span class=\"hiddenSpellError\">Yeray<\/span> Izquierdo: doble subcampi\u00f3 d&#8217;Espanya alev\u00ed en 200 metres lliures i 200 metres esquena. Tamb\u00e9, bronze en 4.000 <span class=\"hiddenGrammarError\">metres estils<\/span>.<\/p>\n<p style=\"text-align: justify\">&#8211; <span class=\"hiddenSpellError\">Naiara<\/span> <span class=\"hiddenSpellError\">\u00cd\u00f1iguez<\/span>: subcampiona d&#8217;Espanya <span class=\"hiddenGrammarError\">alev\u00ed<\/span> en 100 metres lliures.<\/p>\n<p style=\"text-align: justify\">&#8211; <span class=\"hiddenSpellError\">Sa\u00fal<\/span> Valor: medalla de bronze en el campionat d&#8217;Espanya alev\u00ed en 100 metres lliures.<\/p>\n<p style=\"text-align: justify\">Nadadors medallistes nacionals en proves de relleus en la temporada 2016\/2017:<\/p>\n<p style=\"text-align: justify\">-Paula Ruiz: medalles de bronze en el campionat d&#8217;Espanya en el relleu <span class=\"hiddenSpellError\">4&#215;100<\/span> metres i <span class=\"hiddenSpellError\">4&#215;200<\/span> metres lliures.<\/p>\n<p style=\"text-align: justify\">&#8211;<span class=\"hiddenSpellError\">Claudia<\/span> Berenguer: medalla de bronze en el campionat d&#8217;Espanya en el relleu <span class=\"hiddenSpellError\">4&#215;200<\/span> metres lliures.<\/p>\n<p style=\"text-align: justify\">-Adri\u00e0 <span class=\"hiddenSpellError\">Lag<\/span><\/p>\n<p style=\"text-align: justify\">-Marta <span class=\"hiddenSpellError\">Quiles<\/span>: medalles de bronze en el campionat d&#8217;Espanya en el relleu <span class=\"hiddenSpellError\">4&#215;100<\/span> metres i <span class=\"hiddenSpellError\">4&#215;200<\/span> metres lliures.<\/p>\n<p style=\"text-align: justify\">&#8211;<span class=\"hiddenSpellError\">Alejandro<\/span> Mart\u00ednez: subcampi\u00f3 d&#8217;Espanya en el relleu <span class=\"hiddenSpellError\">4&#215;200<\/span> metres lliures.<\/p>\n<p style=\"text-align: justify\">&#8211;<span class=\"hiddenSpellError\">Nicolas<\/span> <span class=\"hiddenSpellError\">Pel\u00e1ez<\/span>: subcampi\u00f3 d&#8217;Espanya en el relleu <span class=\"hiddenSpellError\">4&#215;200<\/span> metres lliures.<\/p>\n<p style=\"text-align: justify\">Per la seua banda, els entrenadors <span class=\"hiddenSpellError\">Francisco<\/span> Jos\u00e9 Amat, Jos\u00e9 Manuel Ramos i <span class=\"hiddenSpellError\">Alberto<\/span> <span class=\"hiddenSpellError\">Puche<\/span>, tamb\u00e9 van rebre un present pel seu treball amb els esportistes.<\/p>\n<p style=\"text-align: justify\">A m\u00e9s de destacar els valors que promou l&#8217;esport i el sacrifici i afany de superaci\u00f3 que comporta, l&#8217;alcalde va assenyalar que contribueix a formar millors ciutadans.<\/p>\n<p>&nbsp;<\/p>\n","protected":false},"excerpt":{"rendered":"<p>L&#8217;alcalde, Carlos Gonz\u00e1lez, i el regidor d&#8217;Esports, Jes\u00fas Pareja, els reben en el sal\u00f3 de plens per a felicitar-los pels seus \u00e8xits esportius i lliurar-los distincions i diplomes L&#8217;alcalde d&#8217;Elx, [&hellip;]<\/p>\n","protected":false},"author":131,"featured_media":42963,"comment_status":"closed","ping_status":"closed","sticky":false,"template":"","format":"standard","meta":{"footnotes":""},"categories":[187],"tags":[],"class_list":["post-42973","post","type-post","status-publish","format-standard","has-post-thumbnail","hentry","category-esports"],"_links":{"self":[{"href":"https:\/\/www.elche.es\/va\/wp-json\/wp\/v2\/posts\/42973","targetHints":{"allow":["GET"]}}],"collection":[{"href":"https:\/\/www.elche.es\/va\/wp-json\/wp\/v2\/posts"}],"about":[{"href":"https:\/\/www.elche.es\/va\/wp-json\/wp\/v2\/types\/post"}],"author":[{"embeddable":true,"href":"https:\/\/www.elche.es\/va\/wp-json\/wp\/v2\/users\/131"}],"replies":[{"embeddable":true,"href":"https:\/\/www.elche.es\/va\/wp-json\/wp\/v2\/comments?post=42973"}],"version-history":[{"count":0,"href":"https:\/\/www.elche.es\/va\/wp-json\/wp\/v2\/posts\/42973\/revisions"}],"wp:featuredmedia":[{"embeddable":true,"href":"https:\/\/www.elche.es\/va\/wp-json\/wp\/v2\/media\/42963"}],"wp:attachment":[{"href":"https:\/\/www.elche.es\/va\/wp-json\/wp\/v2\/media?parent=42973"}],"wp:term":[{"taxonomy":"category","embeddable":true,"href":"https:\/\/www.elche.es\/va\/wp-json\/wp\/v2\/categories?post=42973"},{"taxonomy":"post_tag","embeddable":true,"href":"https:\/\/www.elche.es\/va\/wp-json\/wp\/v2\/tags?post=42973"}],"curies":[{"name":"wp","href":"https:\/\/api.w.org\/{rel}","templated":true}]}}