{"id":43010,"date":"2017-12-12T09:46:27","date_gmt":"2017-12-12T08:46:27","guid":{"rendered":"http:\/\/www.elche.es\/va\/2017\/12\/la-peatonalizacion-de-la-corredora-y-agilizar-el-nuevo-pgou-prioridades-de-urbanismo-para-2018\/"},"modified":"2017-12-12T10:34:32","modified_gmt":"2017-12-12T09:34:32","slug":"la-peatonalizacion-de-la-corredora-y-agilizar-el-nuevo-pgou-prioridades-de-urbanismo-para-2018","status":"publish","type":"post","link":"https:\/\/www.elche.es\/va\/2017\/12\/la-peatonalizacion-de-la-corredora-y-agilizar-el-nuevo-pgou-prioridades-de-urbanismo-para-2018\/","title":{"rendered":"La conversi\u00f3 en zona de vianants de la Corredora i agilitzar el nou PGOU, prioritats d&#8217;Urbanisme per a 2018"},"content":{"rendered":"<blockquote>\n<p style=\"text-align: justify\">El regidor d&#8217;Urbanisme, Jos\u00e9 Manuel S\u00e1nchez, anuncia que el pr\u00f2xim any es destinaran 7,5 milions per a acabar el segon bloc de Sant Antoni i iniciar-ne el tercer.<br \/>\nL&#8217;equip de govern duplica la partida destinada a la conservaci\u00f3 del patrimoni municipal.<\/p>\n<\/blockquote>\n<p style=\"text-align: justify\">El regidor d&#8217;Urbanisme, Jos\u00e9 Manuel S\u00e1nchez, ha donat compte hui del pressupost del seu departament per al pr\u00f2xim exercici 2018 i ha destacat que, al marge de continuar amb la rehabilitaci\u00f3 del barri de Sant Antoni, les prioritats per a l&#8217;equip de govern municipal s\u00f3n la conversi\u00f3 en zona de vianants de la Corredora i agilitzar al m\u00e0xim la redacci\u00f3 del nou Pla General d&#8217;Ordenaci\u00f3 Urbana (<span class=\"hiddenSpellError\">PGOU<\/span>).<\/p>\n<p>&#8220;En 2018 es destinaran m\u00e9s de nou milions d&#8217;euros a dur a terme inversions en temes urban\u00edstics. Inversions que persegueixen caminar cap a un urbanisme pensat per a les persones i cap a un model m\u00e9s modern i sostenible&#8221;, ha assenyalat Jos\u00e9 Manuel S\u00e1nchez.<\/p>\n<p>Tal com ha apuntat el regidor, un total de 7,5 milions d&#8217;euros es destinaran a continuar amb la rehabilitaci\u00f3 del barri de Sant Antoni. En concret, s&#8217;invertiran 5,3 milions a la construcci\u00f3 del segon bloc de 120 habitatges i s&#8217;iniciaran els tr\u00e0mits de la construcci\u00f3 del tercer bloc de 90 habitatges que suposa una inversi\u00f3 de m\u00e9s de dos milions d&#8217;euros.<\/p>\n<p style=\"text-align: justify\">D&#8217;altra banda, el regidor ha informat que s&#8217;han reservat 1,5 milions d&#8217;euros per a l&#8217;elaboraci\u00f3 del nou <span class=\"hiddenSpellError\">PGOU<\/span> per a Elx. &#8220;Sens dubte es tracta del document urban\u00edstic m\u00e9s <span class=\"hiddenGrammarError\">important, ja que<\/span> a trav\u00e9s d&#8217;ell es plasma el model de ciutat que volem per a Elx a mitj\u00e0 i llarg termini. Per aix\u00f2, hem destinat una partida de 518.000 euros per a l&#8217;elaboraci\u00f3 <span class=\"hiddenGrammarError\">de la<\/span> nova cartografia que servir\u00e0 de base a l&#8217;hora de redactar el nou pla. I encara que en principi es realitzar\u00e0 amb mitjans propis, hem fet una reserva de 150.000 euros per si f\u00f3ra necessari un refor\u00e7 extern&#8221;.<\/p>\n<p>Quant a la <span class=\"hiddenSpellError\">conversi\u00f3 en zona de vianants <\/span>de la Corredora, el regidor ha indicat que es tracta d&#8217;una actuaci\u00f3 priorit\u00e0ria per a l&#8217;equip de govern i que s&#8217;espera que estiga finalitzada abans de 2019. Per a aix\u00f2 s&#8217;ha reservat una partida pressupost\u00e0ria de 600.000 euros.<\/p>\n<p>En un altre ordre de coses, S\u00e1nchez ha assenyalat que s&#8217;ha duplicat la partida espec\u00edfica per a la conservaci\u00f3 del patrimoni municipal, una partida que no existia fins a 2017 i que per a 2018 es duplica i passa de 50.000 a 100.000 euros.<\/p>\n<p>&nbsp;<\/p>\n","protected":false},"excerpt":{"rendered":"<p>El regidor d&#8217;Urbanisme, Jos\u00e9 Manuel S\u00e1nchez, anuncia que el pr\u00f2xim any es destinaran 7,5 milions per a acabar el segon bloc de Sant Antoni i iniciar-ne el tercer. L&#8217;equip de [&hellip;]<\/p>\n","protected":false},"author":131,"featured_media":42981,"comment_status":"closed","ping_status":"closed","sticky":false,"template":"","format":"standard","meta":{"footnotes":""},"categories":[161,210],"tags":[],"class_list":["post-43010","post","type-post","status-publish","format-standard","has-post-thumbnail","hentry","category-ajuntament","category-urbanisme-va"],"_links":{"self":[{"href":"https:\/\/www.elche.es\/va\/wp-json\/wp\/v2\/posts\/43010","targetHints":{"allow":["GET"]}}],"collection":[{"href":"https:\/\/www.elche.es\/va\/wp-json\/wp\/v2\/posts"}],"about":[{"href":"https:\/\/www.elche.es\/va\/wp-json\/wp\/v2\/types\/post"}],"author":[{"embeddable":true,"href":"https:\/\/www.elche.es\/va\/wp-json\/wp\/v2\/users\/131"}],"replies":[{"embeddable":true,"href":"https:\/\/www.elche.es\/va\/wp-json\/wp\/v2\/comments?post=43010"}],"version-history":[{"count":0,"href":"https:\/\/www.elche.es\/va\/wp-json\/wp\/v2\/posts\/43010\/revisions"}],"wp:featuredmedia":[{"embeddable":true,"href":"https:\/\/www.elche.es\/va\/wp-json\/wp\/v2\/media\/42981"}],"wp:attachment":[{"href":"https:\/\/www.elche.es\/va\/wp-json\/wp\/v2\/media?parent=43010"}],"wp:term":[{"taxonomy":"category","embeddable":true,"href":"https:\/\/www.elche.es\/va\/wp-json\/wp\/v2\/categories?post=43010"},{"taxonomy":"post_tag","embeddable":true,"href":"https:\/\/www.elche.es\/va\/wp-json\/wp\/v2\/tags?post=43010"}],"curies":[{"name":"wp","href":"https:\/\/api.w.org\/{rel}","templated":true}]}}