{"id":43075,"date":"2017-12-12T12:05:13","date_gmt":"2017-12-12T11:05:13","guid":{"rendered":"http:\/\/www.elche.es\/va\/2017\/12\/balance-de-la-brigada-nocturna-durante-el-puente-de-la-constitucion\/"},"modified":"2017-12-12T13:03:34","modified_gmt":"2017-12-12T12:03:34","slug":"balance-de-la-brigada-nocturna-durante-el-puente-de-la-constitucion","status":"publish","type":"post","link":"https:\/\/www.elche.es\/va\/2017\/12\/balance-de-la-brigada-nocturna-durante-el-puente-de-la-constitucion\/","title":{"rendered":"Balan\u00e7 de la Brigada Nocturna durant el pont de la Constituci\u00f3"},"content":{"rendered":"<p style=\"text-align: justify\">La concatenaci\u00f3 de dies festius ha elevat el nombre de serveis atesos. S&#8217;han registrat 141 serveis durant el pont, dels quals, la meitat, van tenir lloc dissabte.<\/p>\n<p style=\"text-align: justify\">Durant els dies del pont de la Constituci\u00f3 i la <span class=\"hiddenSpellError\">Immaculada<\/span> han sigut atesos un bon nombre de requeriments i serveis de diferent consideraci\u00f3, amb el dissabte com a punt \u00e0lgid, quan s&#8217;arrepleguen cinc dels set detinguts en aquests dies, aix\u00ed com quatre menors investigats per un delicte lleu.<\/p>\n<p style=\"text-align: justify\">El motiu de les detencions van ser principalment per agressions, b\u00e9 entre els membres de la parella com per agressions per presumibles mol\u00e8sties ve\u00efnals. Tamb\u00e9 es van arreplegar dos atemptats a agents: un home despr\u00e9s de donar positiu en coca\u00efna en un control i una dona despr\u00e9s d&#8217;amena\u00e7ar i alterar l&#8217;ordre en el servei d&#8217;Urg\u00e8ncies de l&#8217;Hospital General. En aquest \u00faltim cas, una de les agents va patir lesions lleus. El mateix dia es va adjudicar judici r\u00e0pid sense detingut per mancar de perm\u00eds de conducci\u00f3, que se sumaria als dos del dijous per alcohol\u00e8mies positives i es va continuar amb els controls i proves d&#8217;alcohol i drogues, en qu\u00e8 es denunciaren diversos conductors per infraccions administratives.<\/p>\n<p style=\"text-align: justify\">Van ser especialment destacables les atencions a accidents de tr\u00e0nsit de la Unitat d&#8217;Atestats en donar-se la situaci\u00f3 que els principals protagonistes van ser motociclistes. A \u00faltima hora del dissabte, en la conflu\u00e8ncia de carrer Oriola amb <span class=\"hiddenSpellError\">Francisco<\/span> P\u00e9rez Campillo, la conductora d&#8217;una moto va quedar atrapada sota un vehicle, i va necessitar ser assistida en primera inst\u00e0ncia per les persones presents. A l&#8217;arribada dels serveis sanitaris es va activar el protocol de <span class=\"hiddenSpellError\">polifractures<\/span> davant possibles danys en clav\u00edcula, costelles i v\u00e8rtebres. Aquesta mateixa nit es <span class=\"hiddenGrammarError\">va atendre un aparat\u00f3s accident<\/span> amb ferits en Reina <span class=\"hiddenSpellError\">Vict\u00f2ria<\/span> amb Concepci\u00f3 Arenal, quan va arribar a impactar el vehicle contra una fa\u00e7ana, i el dia anterior, en Porta d&#8217;Alacant, una conductora sense perm\u00eds de conducci\u00f3 va ser encartada en dilig\u00e8ncies despr\u00e9s de col\u00b7lidir contra un altre ciclomotor condu\u00eft per un menor.<\/p>\n<p style=\"text-align: justify\">Per la seua banda, la vigil\u00e0ncia de les zones d&#8217;oci per la Brigada Nocturna, especialment en zona centre, va ser refor\u00e7ada per la pres\u00e8ncia del Grup de Suport a Operacions. En suma, es van registrar 26 den\u00fancies per possessi\u00f3 i consum d&#8217;estupefaents, 59 per consum d&#8217;alcohol en via p\u00fablica, afegint 4 per <span class=\"hiddenSpellError\">orinar <\/span>en via p\u00fablica, 2 per venda ambulant i una altra per venda de tabac a menors. Tamb\u00e9 va ser necessari procedir a una den\u00fancia per vociferar i dues per servir begudes a la via p\u00fablica.<\/p>\n<p style=\"text-align: justify\">Aquestes actuacions van ser complementades per les habituals comprovacions de les unitats Linx de Policia Local als locals d&#8217;oci, i especialment la inspecci\u00f3 i den\u00fancia a un establiment davant la pres\u00e8ncia de menors consumint alcohol en el seu interior.<\/p>\n","protected":false},"excerpt":{"rendered":"<p>La concatenaci\u00f3 de dies festius ha elevat el nombre de serveis atesos. S&#8217;han registrat 141 serveis durant el pont, dels quals, la meitat, van tenir lloc dissabte. Durant els dies [&hellip;]<\/p>\n","protected":false},"author":77,"featured_media":43044,"comment_status":"closed","ping_status":"closed","sticky":false,"template":"","format":"standard","meta":{"footnotes":""},"categories":[238],"tags":[],"class_list":["post-43075","post","type-post","status-publish","format-standard","has-post-thumbnail","hentry","category-policia-local-va"],"_links":{"self":[{"href":"https:\/\/www.elche.es\/va\/wp-json\/wp\/v2\/posts\/43075","targetHints":{"allow":["GET"]}}],"collection":[{"href":"https:\/\/www.elche.es\/va\/wp-json\/wp\/v2\/posts"}],"about":[{"href":"https:\/\/www.elche.es\/va\/wp-json\/wp\/v2\/types\/post"}],"author":[{"embeddable":true,"href":"https:\/\/www.elche.es\/va\/wp-json\/wp\/v2\/users\/77"}],"replies":[{"embeddable":true,"href":"https:\/\/www.elche.es\/va\/wp-json\/wp\/v2\/comments?post=43075"}],"version-history":[{"count":0,"href":"https:\/\/www.elche.es\/va\/wp-json\/wp\/v2\/posts\/43075\/revisions"}],"wp:featuredmedia":[{"embeddable":true,"href":"https:\/\/www.elche.es\/va\/wp-json\/wp\/v2\/media\/43044"}],"wp:attachment":[{"href":"https:\/\/www.elche.es\/va\/wp-json\/wp\/v2\/media?parent=43075"}],"wp:term":[{"taxonomy":"category","embeddable":true,"href":"https:\/\/www.elche.es\/va\/wp-json\/wp\/v2\/categories?post=43075"},{"taxonomy":"post_tag","embeddable":true,"href":"https:\/\/www.elche.es\/va\/wp-json\/wp\/v2\/tags?post=43075"}],"curies":[{"name":"wp","href":"https:\/\/api.w.org\/{rel}","templated":true}]}}