{"id":43086,"date":"2017-12-12T12:12:50","date_gmt":"2017-12-12T11:12:50","guid":{"rendered":"http:\/\/www.elche.es\/va\/2017\/12\/intervenciones-con-personas-con-diversos-trastornos-mentales\/"},"modified":"2017-12-12T13:26:55","modified_gmt":"2017-12-12T12:26:55","slug":"intervenciones-con-personas-con-diversos-trastornos-mentales","status":"publish","type":"post","link":"https:\/\/www.elche.es\/va\/2017\/12\/intervenciones-con-personas-con-diversos-trastornos-mentales\/","title":{"rendered":"Intervencions amb persones amb diversos trastorns mentals"},"content":{"rendered":"<p style=\"text-align: justify\">Alguns d&#8217;aquests casos s\u00f3n portats amb la m\u00e9s absoluta discreci\u00f3 realitzant-se un seguiment de la seua evoluci\u00f3, mentre que uns altres adquireixen gran notorietat a causa de les accions de l&#8217;afectat.<\/p>\n<p style=\"text-align: justify\">El passat dia 2 de desembre, la unitat territorial de Policia Local destinada a la zona centre va acudir al requeriment d&#8217;un home que estava sent insultat per la seua parella en un estat d&#8217;agressivitat creixent. En arribar al lloc, la implicada no es trobava en el lloc, indicant la persona que va alert\u00e0 que havia hagut de traure-la de l&#8217;habitatge perqu\u00e8 no podiacontrolar-la. Despr\u00e9s d&#8217;una discussi\u00f3 dom\u00e8stica havia comen\u00e7at a alterar-se, havia trencat diversos estris de gran valor, havia arribat a amena\u00e7ar decididament d&#8217;agredir-lo f\u00edsicament. El <span class=\"hiddenSpellError\">requeridor <\/span>va indicar als <span class=\"hiddenSpellError\">actuants<\/span> el diagn\u00f2stic de trastorn l\u00edmit de personalitat que patia la implicada, i que va ser corroborat per la seua mare.<\/p>\n<p style=\"text-align: justify\">Va ser a casa d&#8217;aquesta on la van poder localitzar finalment, i si b\u00e9 en un primer moment va ser rebutjada la seua intervenci\u00f3 a causa que es trobava calmada, finalment la patrulla va haver de tornar temps despr\u00e9s juntament amb una dotaci\u00f3 <span class=\"hiddenSpellError\">SAMU<\/span> a causa del seu estat agressiu. Malgrat la petici\u00f3 de la dotaci\u00f3 sanit\u00e0ria per al seu trasllat a l&#8217;Hospital General, la mare va refusar tal extrem, deixant-ho per a l&#8217;endem\u00e0. Pel seu costat, l&#8217;indicatiu policial va realitzar un ofici destinat al jutjat de gu\u00e0rdia per al seu degut coneixement.<\/p>\n<p style=\"text-align: justify\">Tamb\u00e9, recentment, una ve\u00efna d&#8217;una pedania va contactar a trav\u00e9s de les xarxes socials de Policia Local per advertir del comportament agressiu i preocupant del seu marit, que havia arribat a amena\u00e7ar-la amb una catana, i demanar consell sobre com actuar. Referint un possible problema mental a causa de l&#8217;edat de subjecte, es va acordar el seguiment per la unitat <span class=\"hiddenSpellError\">EVIME<\/span> de la unitat de Protecci\u00f3 de Col\u00b7lectius Vulnerables per a la seua avaluaci\u00f3. Si b\u00e9 assessoren l&#8217;afectada en els tr\u00e0mits oportuns d&#8217;incapacitaci\u00f3, no es descarta la intervenci\u00f3 d&#8217;ofici si en algun moment s&#8217;observa risc per a la dona o la filla menor de tots dos.<\/p>\n<p style=\"text-align: justify\">M\u00e9s conegut va ser la situaci\u00f3 viscuda a l&#8217;Altet mesos enrere quan un ve\u00ed va protagonitzar diverses situacions de desordre p\u00fablic i danys materials, tant en el seu domicili com en propietat privada. Finalment, despr\u00e9s de l&#8217;acumulaci\u00f3 de fets i els informes remesos per Policia per a la seua incapacitaci\u00f3 o internament, es van adoptar les mesures oportunes.<\/p>\n<p style=\"text-align: justify\">Durant l&#8217;any s\u00f3n diverses les persones amb algun tipus de trastorn o malaltia mental que s\u00f3n requerides i ateses per Policia Local, i s\u00f3n, moltes d&#8217;elles, controlables per familiars i serveis sanitaris.<\/p>\n","protected":false},"excerpt":{"rendered":"<p>Alguns d&#8217;aquests casos s\u00f3n portats amb la m\u00e9s absoluta discreci\u00f3 realitzant-se un seguiment de la seua evoluci\u00f3, mentre que uns altres adquireixen gran notorietat a causa de les accions de [&hellip;]<\/p>\n","protected":false},"author":77,"featured_media":43049,"comment_status":"closed","ping_status":"closed","sticky":false,"template":"","format":"standard","meta":{"footnotes":""},"categories":[238],"tags":[],"class_list":["post-43086","post","type-post","status-publish","format-standard","has-post-thumbnail","hentry","category-policia-local-va"],"_links":{"self":[{"href":"https:\/\/www.elche.es\/va\/wp-json\/wp\/v2\/posts\/43086","targetHints":{"allow":["GET"]}}],"collection":[{"href":"https:\/\/www.elche.es\/va\/wp-json\/wp\/v2\/posts"}],"about":[{"href":"https:\/\/www.elche.es\/va\/wp-json\/wp\/v2\/types\/post"}],"author":[{"embeddable":true,"href":"https:\/\/www.elche.es\/va\/wp-json\/wp\/v2\/users\/77"}],"replies":[{"embeddable":true,"href":"https:\/\/www.elche.es\/va\/wp-json\/wp\/v2\/comments?post=43086"}],"version-history":[{"count":0,"href":"https:\/\/www.elche.es\/va\/wp-json\/wp\/v2\/posts\/43086\/revisions"}],"wp:featuredmedia":[{"embeddable":true,"href":"https:\/\/www.elche.es\/va\/wp-json\/wp\/v2\/media\/43049"}],"wp:attachment":[{"href":"https:\/\/www.elche.es\/va\/wp-json\/wp\/v2\/media?parent=43086"}],"wp:term":[{"taxonomy":"category","embeddable":true,"href":"https:\/\/www.elche.es\/va\/wp-json\/wp\/v2\/categories?post=43086"},{"taxonomy":"post_tag","embeddable":true,"href":"https:\/\/www.elche.es\/va\/wp-json\/wp\/v2\/tags?post=43086"}],"curies":[{"name":"wp","href":"https:\/\/api.w.org\/{rel}","templated":true}]}}