{"id":43819,"date":"2017-12-20T08:40:25","date_gmt":"2017-12-20T07:40:25","guid":{"rendered":"http:\/\/www.elche.es\/va\/2017\/12\/elche-ya-cuenta-con-15-nuevos-desfibriladores-y-a-final-del-proximo-ano-tendra-62\/"},"modified":"2017-12-20T09:04:59","modified_gmt":"2017-12-20T08:04:59","slug":"elche-ya-cuenta-con-15-nuevos-desfibriladores-y-a-final-del-proximo-ano-tendra-62","status":"publish","type":"post","link":"https:\/\/www.elche.es\/va\/2017\/12\/elche-ya-cuenta-con-15-nuevos-desfibriladores-y-a-final-del-proximo-ano-tendra-62\/","title":{"rendered":"Elx ja compta amb 15 nous desfibril\u00b7ladors i a finals del pr\u00f2xim any en tindr\u00e0 62"},"content":{"rendered":"<blockquote><p>El regidor de Sanitat, Carlos S\u00e1nchez, presenta els 15 nous aparells comprats per l&#8217;Ajuntament que es col\u00b7locaran en espais esportius i centres socials<\/p><\/blockquote>\n<p style=\"text-align: justify\">El regidor de Sanitat, <span class=\"hiddenSpellError\">Carlos<\/span> S\u00e1nchez, acompanyat pel regidor de Ciutadans, <span class=\"hiddenSpellError\">Juan<\/span> Antonio Sempere, per <span class=\"hiddenSpellError\">Aar\u00f3n<\/span> Soler i el seu pare <span class=\"hiddenSpellError\">Octavio<\/span> Soler, ha presentat els 15 nous desfibril\u00b7ladors adquirits per l&#8217;Ajuntament i que es <span class=\"hiddenGrammarError\">col\u00b7locaran<\/span> en recintes esportius i centres socials del nucli urb\u00e0 i les pedanies. \u201cCal recordar que en l&#8217;Equip de Govern, en col\u00b7laboraci\u00f3 amb Ciutadans, elaborem un pla per a dotar Elx de 45 nous desfibril\u00b7ladors en el termini de tres anys\u201d, ha indicat <span class=\"hiddenSpellError\">Carlos<\/span> S\u00e1nchez, qui ha afegit que \u201cja tenim els 15 primers desfibril\u00b7ladors i l&#8217;objectiu \u00e9s avan\u00e7ar els terminis de manera que 2018 es tanque amb un total de 62 aparells. D&#8217;aquesta manera, passar\u00edem dels dos desfibril\u00b7ladors d&#8217;inici de legislatura a 62 abans de la seua finalitzaci\u00f3\u201d. El regidor ha detallat els llocs en els quals es <span class=\"hiddenGrammarError\">col\u00b7locaran<\/span> els aparells: instal\u00b7lacions esportives de la Marina, la Foia, centre social de la Baia, poliesportiu de l&#8217;Altet i de Torrellano, en el Parc Esportiu <span class=\"hiddenSpellError\">Emilio<\/span> <span class=\"hiddenSpellError\">Villanueva<\/span>, poliesportiu d&#8217;Altabix, pista d&#8217;atletisme <span class=\"hiddenSpellError\">Manolo<\/span> Ja\u00e9n, lloc d&#8217;infermeres i camps de gespa de la Ciutat Esportiva, escola d&#8217;adults Merc\u00e9 Rodoreda (a petici\u00f3 de Pressupost Participatiu), poliesportiu el Pla, polivalent de <span class=\"hiddenSpellError\">Carr\u00fas<\/span> i Centre Social de la pla\u00e7a de Barcelona. \u201cS\u00f3n desfibril\u00b7ladors port\u00e0tils que estaran en cabines i que des d&#8217;ac\u00ed faig una crida perqu\u00e8 siguen respectats i no siguen objecte de vandalisme. Cal recordar que s\u00f3n aparells que poden salvar vides\u201d, ha assenyalat el regidor. \u201cSi a aquests 15 desfibril\u00b7ladors se sumen els 4 que ja posse\u00efa l&#8217;Ajuntament, els port\u00e0tils que hi ha en els cotxes de la Policia Local i els 31 que estan previstos per al pr\u00f2xim any fan un total de 59, m\u00e9s els tres de <span class=\"hiddenSpellError\">VisitElche<\/span> farien un total de 62 aparells, que \u00e9s el que recomana la Societat Espanyola de Medicina per a tenir una ciutat cardioprotegida\u201d. Al marge d&#8217;aix\u00f2, es formaran 150 membres del personal municipal perqu\u00e8 aprenguen a usar-los correctament. Per la seua banda, Sempere ha indicat que aquesta compra de desfibril\u00b7ladors \u00e9s <span class=\"hiddenGrammarError\">fonamental, ja que<\/span> cobreixen el nucli urb\u00e0 i les pedanies i perqu\u00e8 poden evitar que es repetisquen casos com el <span class=\"hiddenGrammarError\">d&#8217;Aar\u00f3n<\/span> Soler. <span class=\"hiddenSpellError\">Octavio<\/span> Soler, pare <span class=\"hiddenGrammarError\">d&#8217;Aar\u00f3n<\/span>, s&#8217;ha mostrat molt agra\u00eft a Sempere i especialment el regidor de Sanitat, <span class=\"hiddenSpellError\">Carlos<\/span> S\u00e1nchez, per fer realitat la compra de desfibril\u00b7ladors per a la ciutat. Una iniciativa impulsada de forma determinant per ell mateix. \u201cGr\u00e0cies per haver fet aix\u00f2 realitat. Quan li va passar aix\u00f2 a <span class=\"hiddenSpellError\">Aar\u00f3n,<\/span> hi havia quatre aparells i dos estaven <span class=\"hiddenGrammarError\">sota<\/span> clau, ara <span class=\"hiddenGrammarError\">passarem<\/span> a tenir-ne 62. No hi ha paraules per a expressar la import\u00e0ncia d&#8217;aix\u00f2. Dues mans i un desfibril\u00b7lador salven una vida en el 90% dels casos, per aix\u00f2 \u00e9s important que tots ens formem en el seu \u00fas\u201d.<\/p>\n<p>&nbsp;<\/p>\n","protected":false},"excerpt":{"rendered":"<p>El regidor de Sanitat, Carlos S\u00e1nchez, presenta els 15 nous aparells comprats per l&#8217;Ajuntament que es col\u00b7locaran en espais esportius i centres socials El regidor de Sanitat, Carlos S\u00e1nchez, acompanyat [&hellip;]<\/p>\n","protected":false},"author":131,"featured_media":43813,"comment_status":"closed","ping_status":"closed","sticky":false,"template":"","format":"standard","meta":{"footnotes":""},"categories":[893],"tags":[],"class_list":["post-43819","post","type-post","status-publish","format-standard","has-post-thumbnail","hentry","category-sanidad-va"],"_links":{"self":[{"href":"https:\/\/www.elche.es\/va\/wp-json\/wp\/v2\/posts\/43819","targetHints":{"allow":["GET"]}}],"collection":[{"href":"https:\/\/www.elche.es\/va\/wp-json\/wp\/v2\/posts"}],"about":[{"href":"https:\/\/www.elche.es\/va\/wp-json\/wp\/v2\/types\/post"}],"author":[{"embeddable":true,"href":"https:\/\/www.elche.es\/va\/wp-json\/wp\/v2\/users\/131"}],"replies":[{"embeddable":true,"href":"https:\/\/www.elche.es\/va\/wp-json\/wp\/v2\/comments?post=43819"}],"version-history":[{"count":0,"href":"https:\/\/www.elche.es\/va\/wp-json\/wp\/v2\/posts\/43819\/revisions"}],"wp:featuredmedia":[{"embeddable":true,"href":"https:\/\/www.elche.es\/va\/wp-json\/wp\/v2\/media\/43813"}],"wp:attachment":[{"href":"https:\/\/www.elche.es\/va\/wp-json\/wp\/v2\/media?parent=43819"}],"wp:term":[{"taxonomy":"category","embeddable":true,"href":"https:\/\/www.elche.es\/va\/wp-json\/wp\/v2\/categories?post=43819"},{"taxonomy":"post_tag","embeddable":true,"href":"https:\/\/www.elche.es\/va\/wp-json\/wp\/v2\/tags?post=43819"}],"curies":[{"name":"wp","href":"https:\/\/api.w.org\/{rel}","templated":true}]}}