{"id":43987,"date":"2017-12-21T10:30:58","date_gmt":"2017-12-21T09:30:58","guid":{"rendered":"http:\/\/www.elche.es\/va\/?p=43987"},"modified":"2018-11-13T09:54:01","modified_gmt":"2018-11-13T08:54:01","slug":"la-ciutadania-aposta-per-la-millora-dedificis-municipals-amb-el-pressupost-participatiu","status":"publish","type":"post","link":"https:\/\/www.elche.es\/va\/2017\/12\/la-ciutadania-aposta-per-la-millora-dedificis-municipals-amb-el-pressupost-participatiu\/","title":{"rendered":"M\u00e9s de 3.000 persones trien 93 propostes a realitzar del Pressupost Participatiu en 2018"},"content":{"rendered":"<blockquote><p>M\u00e9s de 3.000 persones han presentat propostes per a modernitzar els seus barris i les seues pedanies<br \/>\nEn total es duran a terme 93 actuacions amb un pressupost d&#8217;un mili\u00f3 d&#8217;euros<\/p><\/blockquote>\n<p>El regidor de Participaci\u00f3, Felip S\u00e0nchez, ha presentat els resultats de les votacions del Pressupost Participatiu per a 2018.<\/p>\n<p>M\u00e9s de 3.000 persones han participat en aquest proc\u00e9s mitjan\u00e7ant el qual l&#8217;Ajuntament dur\u00e0 a terme un total de 93 actuacions a proposta de ve\u00efns i ve\u00efnes en els seus barris i les seues pedanies.<\/p>\n<p>Tal com ha explicat Felip S\u00e0nchez, el Pressupost Participatiu s&#8217;ha consolidat a Elx com una eina \u00fatil perqu\u00e8 la ciutadania puga participar en la gesti\u00f3 municipal i decidir a qu\u00e8 es dediquen part dels recursos.<\/p>\n<p>\u201cEn aquesta ocasi\u00f3, la majoria de les propostes seleccionades van encaminades a la millora d&#8217;edificis p\u00fablics\u201d, ha explicat el regidor de Participaci\u00f3, qui ha afegit que \u201caix\u00f2 es deu al fet que vam fer una campanya del Pressupost Participatiu dirigit a les AMPA i s&#8217;han mobilitzat i han presentat propostes per a col\u00b7legis\u201d.<\/p>\n<p>D&#8217;aquesta manera, 17 col\u00b7legis i escoles infantils tindran actuacions de millora de les seues instal\u00b7lacions. D&#8217;altra banda, en les pedanies es duran a terme deu actuacions en centres c\u00edvics i quatre en centres juvenils.<\/p>\n<p>\u201cAlgunes de les actuacions previstes s\u00f3n: En la zona 6 s&#8217;invertiran 20.000 euros en jocs infantils per al centre c\u00edvic del Pla de Sant Josep; tamb\u00e9 hi ha un \u201cgos parc\u201d per a Torrellano; als Bassars es faran voreres; en el col\u00b7legi Antonio Machado es duran a terme tres actuacions que portaven demanant des de fa temps; a la Foia es faran reparacionsen voreres i camins; un desfibril\u00b7lador per al col\u00b7legi de la Baia i l&#8217;asfaltat de Monfort a Maitino, per posar alguns exemples\u201d, ha apuntat Felip S\u00e0nchez.<\/p>\n<p>En el casc urb\u00e0 es reformaran voreres, una estaci\u00f3 de BiciElx al pol\u00edgon de Carr\u00fas i una altra a l&#8217;entorn del Parc Multiaventura. En la zona de Traval\u00f3n, Altabix, es crearan tres parcs. En el Raval es destinaran 100.000 euros a l&#8217;ampliaci\u00f3 de voreres i a fer zona de vianants el carrer Aurora.<\/p>\n<p>Una altra actuaci\u00f3 important \u00e9s posar passamans en les baixades al riu des del pont d&#8217;Altamira i el pont de Canalejas. Tamb\u00e9 hi haur\u00e0 noves marquesines parlants.<\/p>\n","protected":false},"excerpt":{"rendered":"<p>M\u00e9s de 3.000 persones han presentat propostes per a modernitzar els seus barris i les seues pedanies En total es duran a terme 93 actuacions amb un pressupost d&#8217;un mili\u00f3 [&hellip;]<\/p>\n","protected":false},"author":15,"featured_media":43915,"comment_status":"closed","ping_status":"closed","sticky":false,"template":"","format":"standard","meta":{"footnotes":""},"categories":[391,208],"tags":[],"class_list":["post-43987","post","type-post","status-publish","format-standard","has-post-thumbnail","hentry","category-home-va","category-participacio-ciutadana-va"],"_links":{"self":[{"href":"https:\/\/www.elche.es\/va\/wp-json\/wp\/v2\/posts\/43987","targetHints":{"allow":["GET"]}}],"collection":[{"href":"https:\/\/www.elche.es\/va\/wp-json\/wp\/v2\/posts"}],"about":[{"href":"https:\/\/www.elche.es\/va\/wp-json\/wp\/v2\/types\/post"}],"author":[{"embeddable":true,"href":"https:\/\/www.elche.es\/va\/wp-json\/wp\/v2\/users\/15"}],"replies":[{"embeddable":true,"href":"https:\/\/www.elche.es\/va\/wp-json\/wp\/v2\/comments?post=43987"}],"version-history":[{"count":0,"href":"https:\/\/www.elche.es\/va\/wp-json\/wp\/v2\/posts\/43987\/revisions"}],"wp:featuredmedia":[{"embeddable":true,"href":"https:\/\/www.elche.es\/va\/wp-json\/wp\/v2\/media\/43915"}],"wp:attachment":[{"href":"https:\/\/www.elche.es\/va\/wp-json\/wp\/v2\/media?parent=43987"}],"wp:term":[{"taxonomy":"category","embeddable":true,"href":"https:\/\/www.elche.es\/va\/wp-json\/wp\/v2\/categories?post=43987"},{"taxonomy":"post_tag","embeddable":true,"href":"https:\/\/www.elche.es\/va\/wp-json\/wp\/v2\/tags?post=43987"}],"curies":[{"name":"wp","href":"https:\/\/api.w.org\/{rel}","templated":true}]}}