{"id":45562,"date":"2018-01-17T13:51:55","date_gmt":"2018-01-17T12:51:55","guid":{"rendered":"http:\/\/www.elche.es\/va\/2018\/01\/el-ayuntamiento-y-frutos-del-tiempo-organizan-el-ciclo-literario-la-dignidad-de-la-palabra\/"},"modified":"2018-01-17T14:42:42","modified_gmt":"2018-01-17T13:42:42","slug":"el-ayuntamiento-y-frutos-del-tiempo-organizan-el-ciclo-literario-la-dignidad-de-la-palabra","status":"publish","type":"post","link":"https:\/\/www.elche.es\/va\/2018\/01\/el-ayuntamiento-y-frutos-del-tiempo-organizan-el-ciclo-literario-la-dignidad-de-la-palabra\/","title":{"rendered":"L&#8217;Ajuntament i Frutos del Tiempo organitzen el cicle literari &#8220;La dignitat de la paraula&#8221;"},"content":{"rendered":"<blockquote>\n<p style=\"text-align: justify\">La ciutat busca &#8220;impulsar l&#8217;animaci\u00f3 a la lectura&#8221; mitjan\u00e7ant aquest esdeveniment que comptar\u00e0 amb la pres\u00e8ncia de diversos premis nacionals<\/p>\n<\/blockquote>\n<p style=\"text-align: justify\">La regidora de Cultura, Patr\u00edcia Maci\u00e0, i <span class=\"hiddenSpellError\">Javier<\/span> <span class=\"hiddenSpellError\">Cebri\u00e1n<\/span>, de l&#8217;associaci\u00f3 Frutos del Tiempo, han presentat el cicle literari La dignitat de la paraula, el qual comptar\u00e0 amb la participaci\u00f3 de premis nacionals de poesia, narrativa i cr\u00edtica.<\/p>\n<p style=\"text-align: justify\">Maci\u00e0 ha explicat que el cicle literari consistir\u00e0 en la lectura comentada de diverses obres determinats dijous durant els mesos de febrer, mar\u00e7, abril i maig, a les 20.00\u00a0hores, s&#8217;amplia aix\u00ed la durada del cicle respecte a anys anteriors. Les lectures es duran a terme en el vest\u00edbul del Gran Teatre d&#8217;Elx. Es busca traslladar l&#8217;esdeveniment al centre de la ciutat per acostar-lo al poble. En aquests actes, a m\u00e9s, es podran adquirir els llibres.<br \/>\nSegons ha afegit <span class=\"hiddenSpellError\">Cebri\u00e1n<\/span>, de l&#8217;associaci\u00f3 Frutos del Tiempo, l&#8217;objectiu i la tem\u00e0tica d&#8217;aquest esdeveniment consisteix a entendre que &#8220;igual com l&#8217;art, la paraula ens salva i tamb\u00e9 ens dignifica, perqu\u00e8 quan s\u00f3n precises s\u00f3n veritat&#8221;.<\/p>\n<p style=\"text-align: justify\"><span class=\"hiddenSpellError\">Cebri\u00e1n<\/span> explica que la primera lectura es far\u00e0 el dijous 8 de febrer i comptar\u00e0 amb <span class=\"hiddenSpellError\">Luis<\/span> <span class=\"hiddenSpellError\">Garc\u00eda<\/span> <span class=\"hiddenSpellError\">Montero<\/span>, que, a m\u00e9s, presenta el seu nou llibre A puerta cerrada. El cicle continuar\u00e0 l&#8217;1 de mar\u00e7 amb Olvido\u00a0<span class=\"hiddenSpellError\">Garc\u00eda<\/span> Vald\u00e9s &#8220;veu de la poesia nacional i de la poesia femenina&#8221;. D&#8217;altra banda, el 12 d&#8217;abril arriba el torn del poeta espanyol <span class=\"hiddenSpellError\">Eloy<\/span> S\u00e1nchez <span class=\"hiddenSpellError\">Rosillo<\/span>. El 26 de febrer, <span class=\"hiddenSpellError\">Francisco<\/span> G\u00f3mez presentar\u00e0 i entrevistar\u00e0 a <span class=\"hiddenSpellError\">Luis<\/span> <span class=\"hiddenSpellError\">Landero<\/span>, &#8220;un dels escriptors capdavanters de la narrativa nacional&#8221;.<\/p>\n<p style=\"text-align: justify\">El cicle conclour\u00e0 el 3 de maig amb la presentaci\u00f3 de <span class=\"hiddenSpellError\">Lunara<\/span> <span class=\"hiddenSpellError\">Plaquette<\/span>, quaderns de poesia amb la pres\u00e8ncia de Manuela <span class=\"hiddenSpellError\">Maci\u00e1<\/span>, Pedro Serrano, <span class=\"hiddenSpellError\">Anyi<\/span> el Campello i <span class=\"hiddenSpellError\">Carlos<\/span> <span class=\"hiddenSpellError\">Javier<\/span> <span class=\"hiddenSpellError\">Cebri\u00e1n<\/span>. Amb aquest cicle s&#8217;intenta &#8220;omplir la ciutat de paraules, poesia i literatura&#8221;, hi ha concl\u00f2s\u00a0<span class=\"hiddenSpellError\">Cebri\u00e1n<\/span>.<\/p>\n","protected":false},"excerpt":{"rendered":"<p>La ciutat busca &#8220;impulsar l&#8217;animaci\u00f3 a la lectura&#8221; mitjan\u00e7ant aquest esdeveniment que comptar\u00e0 amb la pres\u00e8ncia de diversos premis nacionals La regidora de Cultura, Patr\u00edcia Maci\u00e0, i Javier Cebri\u00e1n, de [&hellip;]<\/p>\n","protected":false},"author":131,"featured_media":45556,"comment_status":"closed","ping_status":"closed","sticky":false,"template":"","format":"standard","meta":{"footnotes":""},"categories":[193,391],"tags":[],"class_list":["post-45562","post","type-post","status-publish","format-standard","has-post-thumbnail","hentry","category-cultura-va","category-home-va"],"_links":{"self":[{"href":"https:\/\/www.elche.es\/va\/wp-json\/wp\/v2\/posts\/45562","targetHints":{"allow":["GET"]}}],"collection":[{"href":"https:\/\/www.elche.es\/va\/wp-json\/wp\/v2\/posts"}],"about":[{"href":"https:\/\/www.elche.es\/va\/wp-json\/wp\/v2\/types\/post"}],"author":[{"embeddable":true,"href":"https:\/\/www.elche.es\/va\/wp-json\/wp\/v2\/users\/131"}],"replies":[{"embeddable":true,"href":"https:\/\/www.elche.es\/va\/wp-json\/wp\/v2\/comments?post=45562"}],"version-history":[{"count":0,"href":"https:\/\/www.elche.es\/va\/wp-json\/wp\/v2\/posts\/45562\/revisions"}],"wp:featuredmedia":[{"embeddable":true,"href":"https:\/\/www.elche.es\/va\/wp-json\/wp\/v2\/media\/45556"}],"wp:attachment":[{"href":"https:\/\/www.elche.es\/va\/wp-json\/wp\/v2\/media?parent=45562"}],"wp:term":[{"taxonomy":"category","embeddable":true,"href":"https:\/\/www.elche.es\/va\/wp-json\/wp\/v2\/categories?post=45562"},{"taxonomy":"post_tag","embeddable":true,"href":"https:\/\/www.elche.es\/va\/wp-json\/wp\/v2\/tags?post=45562"}],"curies":[{"name":"wp","href":"https:\/\/api.w.org\/{rel}","templated":true}]}}