{"id":45674,"date":"2018-01-18T09:37:10","date_gmt":"2018-01-18T08:37:10","guid":{"rendered":"http:\/\/www.elche.es\/va\/2018\/01\/la-conselleria-de-educacion-confirma-que-invertira-en-torno-200-000-euros-en-la-reparacion-de-toda-la-fachada-del-ies-de-torrellano\/"},"modified":"2018-01-18T11:54:33","modified_gmt":"2018-01-18T10:54:33","slug":"la-conselleria-de-educacion-confirma-que-invertira-en-torno-200-000-euros-en-la-reparacion-de-toda-la-fachada-del-ies-de-torrellano","status":"publish","type":"post","link":"https:\/\/www.elche.es\/va\/2018\/01\/la-conselleria-de-educacion-confirma-que-invertira-en-torno-200-000-euros-en-la-reparacion-de-toda-la-fachada-del-ies-de-torrellano\/","title":{"rendered":"La conselleria d&#8217;Educaci\u00f3 confirma que invertir\u00e0 entorn 200.000 euros en la reparaci\u00f3 de tota la fa\u00e7ana de l&#8217;IES de Torrellano"},"content":{"rendered":"<blockquote>\n<p style=\"text-align: justify\">El subdirector general d&#8217;Infraestructures diu que el projecte d&#8217;execuci\u00f3 ja s&#8217;ha encarregat i que est\u00e0 previst que les obres <span class=\"hiddenSpellError\">comen\u00e7en<\/span> enguany<\/p>\n<\/blockquote>\n<p style=\"text-align: justify\">La regidora d&#8217;Educaci\u00f3, Patr\u00edcia Maci\u00e0, ha acompanyat el subdirector general d&#8217;infraestructures de la conselleria d&#8217;Educaci\u00f3, Jes\u00fas <span class=\"hiddenSpellError\">Garc\u00eda<\/span>, i l&#8217;arquitecte d&#8217;Educaci\u00f3, <span class=\"hiddenSpellError\">Vicente<\/span> <span class=\"hiddenSpellError\">Marhuenda<\/span>, en la seua visita a l&#8217;IES de Torrellano on, juntament amb el director del centre, han supervisat l&#8217;estat de la fa\u00e7ana d&#8217;aquest edifici.<\/p>\n<p style=\"text-align: justify\">Despr\u00e9s de la visita, Maci\u00e0 ha declarat que &#8220;el director d&#8217;Infraestructures d&#8217;Educaci\u00f3 ens ha confirmat que ja s&#8217;ha encarregat el projecte d&#8217;execuci\u00f3 per a la reparaci\u00f3 de tota la fa\u00e7ana&#8221;.<\/p>\n<p style=\"text-align: justify\">La regidora ha indicat que l&#8217;estudi patol\u00f2gic que es va dur a terme al seu moment revela que hi ha diverses zones en les quals cal actuar, encara que els t\u00e8cnics asseguren que no hi ha perill de solsida. &#8220;Per aix\u00f2 s&#8217;ha encarregat el projecte per a la reparaci\u00f3 de la totalitat de la fa\u00e7ana, un projecte de m\u00e9s de dos-cent mil euros&#8221;, ha indicat a la regidora, qui ha afegit que &#8220;les obres comen\u00e7aran enguany&#8221;. El m\u00e9s probable \u00e9s que aquestes obres es duguen a terme per fases.<\/p>\n<p style=\"text-align: justify\">&#8220;Confiem que l&#8217;actuaci\u00f3 de conselleria pose fi als problemes que s&#8217;han generat en la fa\u00e7ana d&#8217;aquest centre com a conseq\u00fc\u00e8ncia de la nefasta gesti\u00f3 que l&#8217;anterior govern del PP en la Generalitat i <span class=\"hiddenSpellError\">Ciegsa<\/span> van dur a terme amb obres amb sobrecostos i greus defici\u00e8ncies&#8221;, ha concl\u00f2s la regidora.<\/p>\n<p>&nbsp;<\/p>\n","protected":false},"excerpt":{"rendered":"<p>El subdirector general d&#8217;Infraestructures diu que el projecte d&#8217;execuci\u00f3 ja s&#8217;ha encarregat i que est\u00e0 previst que les obres comen\u00e7en enguany La regidora d&#8217;Educaci\u00f3, Patr\u00edcia Maci\u00e0, ha acompanyat el subdirector [&hellip;]<\/p>\n","protected":false},"author":131,"featured_media":45130,"comment_status":"closed","ping_status":"closed","sticky":false,"template":"","format":"standard","meta":{"footnotes":""},"categories":[194],"tags":[],"class_list":["post-45674","post","type-post","status-publish","format-standard","has-post-thumbnail","hentry","category-educacio-va"],"_links":{"self":[{"href":"https:\/\/www.elche.es\/va\/wp-json\/wp\/v2\/posts\/45674","targetHints":{"allow":["GET"]}}],"collection":[{"href":"https:\/\/www.elche.es\/va\/wp-json\/wp\/v2\/posts"}],"about":[{"href":"https:\/\/www.elche.es\/va\/wp-json\/wp\/v2\/types\/post"}],"author":[{"embeddable":true,"href":"https:\/\/www.elche.es\/va\/wp-json\/wp\/v2\/users\/131"}],"replies":[{"embeddable":true,"href":"https:\/\/www.elche.es\/va\/wp-json\/wp\/v2\/comments?post=45674"}],"version-history":[{"count":0,"href":"https:\/\/www.elche.es\/va\/wp-json\/wp\/v2\/posts\/45674\/revisions"}],"wp:featuredmedia":[{"embeddable":true,"href":"https:\/\/www.elche.es\/va\/wp-json\/wp\/v2\/media\/45130"}],"wp:attachment":[{"href":"https:\/\/www.elche.es\/va\/wp-json\/wp\/v2\/media?parent=45674"}],"wp:term":[{"taxonomy":"category","embeddable":true,"href":"https:\/\/www.elche.es\/va\/wp-json\/wp\/v2\/categories?post=45674"},{"taxonomy":"post_tag","embeddable":true,"href":"https:\/\/www.elche.es\/va\/wp-json\/wp\/v2\/tags?post=45674"}],"curies":[{"name":"wp","href":"https:\/\/api.w.org\/{rel}","templated":true}]}}