{"id":46007,"date":"2018-01-23T07:03:48","date_gmt":"2018-01-23T06:03:48","guid":{"rendered":"http:\/\/www.elche.es\/va\/2018\/01\/encontrado-en-el-altet-varon-desaparecido-en-santa-pola\/"},"modified":"2018-01-23T09:22:24","modified_gmt":"2018-01-23T08:22:24","slug":"encontrado-en-el-altet-varon-desaparecido-en-santa-pola","status":"publish","type":"post","link":"https:\/\/www.elche.es\/va\/2018\/01\/encontrado-en-el-altet-varon-desaparecido-en-santa-pola\/","title":{"rendered":"Trobat a L&#8217;Altet un home desaparegut a Santa Pola"},"content":{"rendered":"<ul>\n<li style=\"font-weight: 400;text-align: justify\"><b>La sala d&#8217;operacions de la Policia Local va rebre av\u00eds de la desaparici\u00f3 entorn de les 22.30, per\u00f2 la fam\u00edlia el buscava des de mitja <span class=\"hiddenGrammarError\">vesprada<\/span><\/b><\/li>\n<li style=\"font-weight: 400;text-align: justify\"><b>Passada la mitjanit va ser trobat per una patrulla en un parc de la pedania<\/b><\/li>\n<\/ul>\n<p style=\"text-align: justify\">El 20 de gener al voltant de les 00.15\u00a0hores, la patrulla destinada a la vigil\u00e0ncia preventiva de l&#8217;Altet va trobar un home de 34 anys desaparegut en la vesprada pr\u00e8via.<\/p>\n<p style=\"text-align: justify\">La fam\u00edlia va denunciar la desaparici\u00f3 en la caserna de la Gu\u00e0rdia Civil de Santa Pola al voltant de les 19.00\u00a0hores, va ser buscat en un primer moment per la zona de Santa Pola i es va ampliar el radi d&#8217;acci\u00f3 poc despr\u00e9s fins a Elx, Torrellano i L&#8217;Altet. Despr\u00e9s de comunicar-se aquest fet a la sala d&#8217;operacions d&#8217;aquest cos, es va facilitar la descripci\u00f3 detallada de la persona a les patrulles.<\/p>\n<p style=\"text-align: justify\"><span style=\"font-weight: 400\">Passada la mitjanit va ser trobat per la patrulla de l&#8217;Altet en un parc de la pedania i es va contactar immediatament amb la fam\u00edlia. El pare del desaparegut es va fer c\u00e0rrec i va agrair la labor de recerca efectuada davant una situaci\u00f3 que havia alarmat notablement a familiars i a amics.<\/span><\/p>\n","protected":false},"excerpt":{"rendered":"<p>La sala d&#8217;operacions de la Policia Local va rebre av\u00eds de la desaparici\u00f3 entorn de les 22.30, per\u00f2 la fam\u00edlia el buscava des de mitja vesprada Passada la mitjanit va [&hellip;]<\/p>\n","protected":false},"author":77,"featured_media":45991,"comment_status":"closed","ping_status":"closed","sticky":false,"template":"","format":"standard","meta":{"footnotes":""},"categories":[238],"tags":[],"class_list":["post-46007","post","type-post","status-publish","format-standard","has-post-thumbnail","hentry","category-policia-local-va"],"_links":{"self":[{"href":"https:\/\/www.elche.es\/va\/wp-json\/wp\/v2\/posts\/46007","targetHints":{"allow":["GET"]}}],"collection":[{"href":"https:\/\/www.elche.es\/va\/wp-json\/wp\/v2\/posts"}],"about":[{"href":"https:\/\/www.elche.es\/va\/wp-json\/wp\/v2\/types\/post"}],"author":[{"embeddable":true,"href":"https:\/\/www.elche.es\/va\/wp-json\/wp\/v2\/users\/77"}],"replies":[{"embeddable":true,"href":"https:\/\/www.elche.es\/va\/wp-json\/wp\/v2\/comments?post=46007"}],"version-history":[{"count":0,"href":"https:\/\/www.elche.es\/va\/wp-json\/wp\/v2\/posts\/46007\/revisions"}],"wp:featuredmedia":[{"embeddable":true,"href":"https:\/\/www.elche.es\/va\/wp-json\/wp\/v2\/media\/45991"}],"wp:attachment":[{"href":"https:\/\/www.elche.es\/va\/wp-json\/wp\/v2\/media?parent=46007"}],"wp:term":[{"taxonomy":"category","embeddable":true,"href":"https:\/\/www.elche.es\/va\/wp-json\/wp\/v2\/categories?post=46007"},{"taxonomy":"post_tag","embeddable":true,"href":"https:\/\/www.elche.es\/va\/wp-json\/wp\/v2\/tags?post=46007"}],"curies":[{"name":"wp","href":"https:\/\/api.w.org\/{rel}","templated":true}]}}