{"id":46417,"date":"2018-01-25T14:59:59","date_gmt":"2018-01-25T13:59:59","guid":{"rendered":"http:\/\/www.elche.es\/va\/2018\/01\/un-centenar-de-personas-encontraron-empleo-en-2017-a-traves-de-la-agencia-municipal-de-colocacion-gracias-a-la-mejora-de-este-servicio\/"},"modified":"2018-01-26T09:56:46","modified_gmt":"2018-01-26T08:56:46","slug":"un-centenar-de-personas-encontraron-empleo-en-2017-a-traves-de-la-agencia-municipal-de-colocacion-gracias-a-la-mejora-de-este-servicio","status":"publish","type":"post","link":"https:\/\/www.elche.es\/va\/2018\/01\/un-centenar-de-personas-encontraron-empleo-en-2017-a-traves-de-la-agencia-municipal-de-colocacion-gracias-a-la-mejora-de-este-servicio\/","title":{"rendered":"Un centenar de persones van trobar ocupaci\u00f3 en 2017 a trav\u00e9s de l&#8217;Ag\u00e8ncia Municipal de Col\u00b7locaci\u00f3 gr\u00e0cies a la millora d&#8217;aquest servei"},"content":{"rendered":"<blockquote>\n<p style=\"text-align: justify\">S&#8217;ha convocat\u00a0 tots els agents socials de la ciutat per a la reuni\u00f3 del F\u00f2rum Local per l&#8217;Ocupaci\u00f3 dimarts que <span class=\"hiddenGrammarError\">ve<\/span><\/p>\n<p style=\"text-align: justify\">Est\u00e0 obert el termini d&#8217;inscripcions per a una nova convocat\u00f2ria dels Premis Emprenedor del Mes<\/p>\n<\/blockquote>\n<p style=\"text-align: justify\">El regidor de Promoci\u00f3 Econ\u00f2mica, <span class=\"hiddenSpellError\">H\u00e9ctor<\/span> <span class=\"hiddenSpellError\">D\u00edez<\/span>, ha fet balan\u00e7 dels resultats de l&#8217;Ag\u00e8ncia Municipal de Col\u00b7locaci\u00f3 alhora que ha anunciat que, dimarts que ve, des del seu departament, s&#8217;ha convocat tots els agents socials de la ciutat per a la reuni\u00f3 del F\u00f2rum Local per l&#8217;Ocupaci\u00f3. Una trobada que, tal com ha indicat el regidor, t\u00e9 com a objectiu &#8220;avaluar les pol\u00edtiques d&#8217;ocupaci\u00f3 dutes a terme durant 2017 i debatre i consensuar les que volem posar en marxa en 2018&#8221;.<\/p>\n<p style=\"text-align: justify\">Tal com ha explicat <span class=\"hiddenSpellError\">D\u00edez<\/span>, des de la Regidoria de Promoci\u00f3 Econ\u00f2mica i a trav\u00e9s de l&#8217;Ag\u00e8ncia Municipal de Col\u00b7locaci\u00f3, s&#8217;ofereix des de l&#8217;any 2012 un servei gratu\u00eft d&#8217;intermediaci\u00f3 laboral amb la finalitat de posar en contacte a empreses i a demandants d&#8217;ocupaci\u00f3 inscrits en l&#8217;Ag\u00e8ncia.<\/p>\n<p style=\"text-align: justify\">&#8220;Durant 2017 l&#8217;Ag\u00e8ncia Municipal de Col\u00b7locaci\u00f3 ha duplicat el nombre de contractacions realitzades. Un total de 100 demandants d&#8217;ocupaci\u00f3 han sigut contractats. Aix\u00f2 suposa un increment del 100% dels candidats contractats i un 200% en els contractes indefinits pel que fa a l&#8217;any 2016&#8221;, ha indicat el regidor.<\/p>\n<p style=\"text-align: justify\">Entre els llocs contractats per l&#8217;Ag\u00e8ncia Municipal de Col\u00b7locaci\u00f3 cal destacar: auxiliar d&#8217;infermeria, personal de neteja, socorrista, caixer\/reposador, administratiu, metge, programador inform\u00e0tic, jardiner, entre altres.<\/p>\n<p style=\"text-align: justify\">Tamb\u00e9 \u00e9s important destacar el nivell formatiu dels candidats contractats. La majoria dels candidats contractats tenen formaci\u00f3, el 53% d&#8217;aquests t\u00e9 formaci\u00f3 professional o universit\u00e0ria. Per sexe, el 54% de les contractacions correspon a dones i un 46% a homes.<\/p>\n<p style=\"text-align: justify\">Premi Emprenedor del Mes<\/p>\n<p style=\"text-align: justify\">D&#8217;altra banda, <span class=\"hiddenSpellError\">H\u00e9ctor<\/span> <span class=\"hiddenSpellError\">D\u00edez<\/span> ha anunciat que ha eixit una nova convocat\u00f2ria dels Premis Emprenedor del Mes i ja est\u00e0 obert el termini d&#8217;inscripcions per a aquelles empreses o aut\u00f2noms que desitgen presentar-se. <span class=\"hiddenSpellError\">D\u00edez<\/span> ha indicat que tota la informaci\u00f3 est\u00e0 en la web <span class=\"hiddenSpellError\">elcheemprende<\/span>.com <span class=\"hiddenGrammarError\">i<\/span> ha recordat que els premis s\u00f3n <span class=\"hiddenSpellError\">de1.000<\/span> euros en met\u00e0l\u00b7lic i 1.500 euros en serveis en diferents associacions empresarial \u00e9s a m\u00e9s un itinerari de promoci\u00f3 del negoci.<\/p>\n<p>&nbsp;<\/p>\n","protected":false},"excerpt":{"rendered":"<p>S&#8217;ha convocat\u00a0 tots els agents socials de la ciutat per a la reuni\u00f3 del F\u00f2rum Local per l&#8217;Ocupaci\u00f3 dimarts que ve Est\u00e0 obert el termini d&#8217;inscripcions per a una nova [&hellip;]<\/p>\n","protected":false},"author":131,"featured_media":45143,"comment_status":"closed","ping_status":"closed","sticky":false,"template":"","format":"standard","meta":{"footnotes":""},"categories":[391,183],"tags":[],"class_list":["post-46417","post","type-post","status-publish","format-standard","has-post-thumbnail","hentry","category-home-va","category-pomocio-economica"],"_links":{"self":[{"href":"https:\/\/www.elche.es\/va\/wp-json\/wp\/v2\/posts\/46417","targetHints":{"allow":["GET"]}}],"collection":[{"href":"https:\/\/www.elche.es\/va\/wp-json\/wp\/v2\/posts"}],"about":[{"href":"https:\/\/www.elche.es\/va\/wp-json\/wp\/v2\/types\/post"}],"author":[{"embeddable":true,"href":"https:\/\/www.elche.es\/va\/wp-json\/wp\/v2\/users\/131"}],"replies":[{"embeddable":true,"href":"https:\/\/www.elche.es\/va\/wp-json\/wp\/v2\/comments?post=46417"}],"version-history":[{"count":0,"href":"https:\/\/www.elche.es\/va\/wp-json\/wp\/v2\/posts\/46417\/revisions"}],"wp:featuredmedia":[{"embeddable":true,"href":"https:\/\/www.elche.es\/va\/wp-json\/wp\/v2\/media\/45143"}],"wp:attachment":[{"href":"https:\/\/www.elche.es\/va\/wp-json\/wp\/v2\/media?parent=46417"}],"wp:term":[{"taxonomy":"category","embeddable":true,"href":"https:\/\/www.elche.es\/va\/wp-json\/wp\/v2\/categories?post=46417"},{"taxonomy":"post_tag","embeddable":true,"href":"https:\/\/www.elche.es\/va\/wp-json\/wp\/v2\/tags?post=46417"}],"curies":[{"name":"wp","href":"https:\/\/api.w.org\/{rel}","templated":true}]}}