{"id":47322,"date":"2018-01-31T14:21:09","date_gmt":"2018-01-31T13:21:09","guid":{"rendered":"http:\/\/www.elche.es\/va\/2018\/01\/lescorxador-de-elche-firma-la-carta-de-igualdad-con-clasicas-y-modernas\/"},"modified":"2018-01-31T14:55:17","modified_gmt":"2018-01-31T13:55:17","slug":"lescorxador-de-elche-firma-la-carta-de-igualdad-con-clasicas-y-modernas","status":"publish","type":"post","link":"https:\/\/www.elche.es\/va\/2018\/01\/lescorxador-de-elche-firma-la-carta-de-igualdad-con-clasicas-y-modernas\/","title":{"rendered":"L&#8217;Escorxador d&#8217;Elx firma la carta d&#8217;igualtat amb Cl\u00e0ssiques i Modernes"},"content":{"rendered":"<blockquote>\n<p style=\"text-align: justify\">La regidora de Cultura i el director del centre cultural L&#8217;Escorxador han signat en l&#8217;Ajuntament d&#8217;Elx el seu comprom\u00eds amb la igualtat efectiva en les arts<\/p>\n<\/blockquote>\n<p style=\"text-align: justify\">La regidora de Cultura, Patr\u00edcia Maci\u00e0, i el coordinador de L&#8217;Escorxador, Jos\u00e9 Luis <span class=\"hiddenSpellError\">M\u00e1s<\/span>, han signat la carta d&#8217;Igualtat amb Cl\u00e0ssiques i Modernes per fer efectiu el seu comprom\u00eds amb la igualtat efectiva en els esdeveniments de L&#8217;Escorxador.<\/p>\n<p style=\"text-align: justify\">Maci\u00e0 ha explicat que des de l&#8217;equip de govern de la ciutat es prioritza la igualtat en tots els aspectes, per tant, la cultura no anava a quedar fora. Amb aquest acord, des de la regidoria de Cultura &#8220;ens comprometem al fet que els esdeveniments de L&#8217;Escorxador tinguen una representaci\u00f3 femenina d&#8217;un 60% en un termini de tres anys, cosa per la qual la implicaci\u00f3 de Jos\u00e9 Luis <span class=\"hiddenSpellError\">M\u00e1s<\/span> en el projecte \u00e9s fonamental&#8221;.<\/p>\n<p style=\"text-align: justify\"><span class=\"hiddenGreenError\">Margarita<\/span> Boix, vicepresidenta de Cl\u00e0ssiques i Modernes, associaci\u00f3 per a la igualtat de g\u00e8nere en la cultura, ha agra\u00eft a la regidoria de Cultura d&#8217;Elx i a Jos\u00e9 Luis <span class=\"hiddenSpellError\">M\u00e1s<\/span> el seu comprom\u00eds amb les dones i ha explicat la necessitat de signar acords per augmentar la representaci\u00f3 femenina en els espectacles, ja que menys del 25% de les autories actuals s\u00f3n de dones, malgrat la sobrequalificaci\u00f3 femenina. La ra\u00f3 d&#8217;aquesta desigualtat es deu al fet que &#8220;no hi ha costum de veure, valorar i acollir el que fan les dones&#8221; cosa per la qual \u00e9s molt important tenir suports com el comprom\u00eds al qual hui se subscriu Elx.<\/p>\n<p style=\"text-align: justify\">Jos\u00e9 Luis Ms ha agra\u00eft a <span class=\"hiddenSpellError\">Silvia<\/span> Soto que exercira de contacte amb Cl\u00e0ssiques i Modernes i ha explicat que L&#8217;Escorxador actualment t\u00e9 una representaci\u00f3 femenina d&#8217;un 70% amb actuacions com la de Joana Serrat, Bandejats, <span class=\"hiddenSpellError\">Nadia<\/span> <span class=\"hiddenSpellError\">Clavel<\/span>, <span class=\"hiddenSpellError\">Amiina<\/span> o <span class=\"hiddenSpellError\">Carmen<\/span> <span class=\"hiddenSpellError\">Benito<\/span>. Jos\u00e9 Luis <span class=\"hiddenSpellError\">M\u00e1s<\/span> ha avan\u00e7at que la programaci\u00f3 seg\u00fcent ve amb actuacions femenines molt potents.<\/p>\n<p style=\"text-align: justify\">Maci\u00e0 ha afegit que des de la regidoria de Cultura s&#8217;estudia estendre aquest comprom\u00eds a totes les sales de la ciutat, i \u00e9s aix\u00ed un dels pocs municipis espanyols que s&#8217;han subscrit per complet a aquest pla d&#8217;igualtat amb les arts.<\/p>\n<p>&nbsp;<\/p>\n","protected":false},"excerpt":{"rendered":"<p>La regidora de Cultura i el director del centre cultural L&#8217;Escorxador han signat en l&#8217;Ajuntament d&#8217;Elx el seu comprom\u00eds amb la igualtat efectiva en les arts La regidora de Cultura, [&hellip;]<\/p>\n","protected":false},"author":131,"featured_media":47295,"comment_status":"closed","ping_status":"closed","sticky":false,"template":"","format":"standard","meta":{"footnotes":""},"categories":[193,391],"tags":[],"class_list":["post-47322","post","type-post","status-publish","format-standard","has-post-thumbnail","hentry","category-cultura-va","category-home-va"],"_links":{"self":[{"href":"https:\/\/www.elche.es\/va\/wp-json\/wp\/v2\/posts\/47322","targetHints":{"allow":["GET"]}}],"collection":[{"href":"https:\/\/www.elche.es\/va\/wp-json\/wp\/v2\/posts"}],"about":[{"href":"https:\/\/www.elche.es\/va\/wp-json\/wp\/v2\/types\/post"}],"author":[{"embeddable":true,"href":"https:\/\/www.elche.es\/va\/wp-json\/wp\/v2\/users\/131"}],"replies":[{"embeddable":true,"href":"https:\/\/www.elche.es\/va\/wp-json\/wp\/v2\/comments?post=47322"}],"version-history":[{"count":0,"href":"https:\/\/www.elche.es\/va\/wp-json\/wp\/v2\/posts\/47322\/revisions"}],"wp:featuredmedia":[{"embeddable":true,"href":"https:\/\/www.elche.es\/va\/wp-json\/wp\/v2\/media\/47295"}],"wp:attachment":[{"href":"https:\/\/www.elche.es\/va\/wp-json\/wp\/v2\/media?parent=47322"}],"wp:term":[{"taxonomy":"category","embeddable":true,"href":"https:\/\/www.elche.es\/va\/wp-json\/wp\/v2\/categories?post=47322"},{"taxonomy":"post_tag","embeddable":true,"href":"https:\/\/www.elche.es\/va\/wp-json\/wp\/v2\/tags?post=47322"}],"curies":[{"name":"wp","href":"https:\/\/api.w.org\/{rel}","templated":true}]}}