{"id":48665,"date":"2018-02-08T15:14:14","date_gmt":"2018-02-08T14:14:14","guid":{"rendered":"http:\/\/www.elche.es\/va\/2018\/02\/el-ayuntamiento-invierte-cerca-de-20-000-euros-en-la-adecuacion-del-merendero-del-pantano\/"},"modified":"2018-02-08T15:51:29","modified_gmt":"2018-02-08T14:51:29","slug":"el-ayuntamiento-invierte-cerca-de-20-000-euros-en-la-adecuacion-del-merendero-del-pantano","status":"publish","type":"post","link":"https:\/\/www.elche.es\/va\/2018\/02\/el-ayuntamiento-invierte-cerca-de-20-000-euros-en-la-adecuacion-del-merendero-del-pantano\/","title":{"rendered":"L&#8217;Ajuntament inverteix prop de 20.000 euros en l&#8217;adequaci\u00f3 del berenador del Pant\u00e0"},"content":{"rendered":"<blockquote><p>S&#8217;ha repintat la cerca, s&#8217;han instal\u00b7lat noves taules i s&#8217;han plantat arbres aut\u00f2ctons per reforestar la zona<\/p>\n<p>&nbsp;<\/p><\/blockquote>\n<p style=\"text-align: justify\">El regidor de Medi ambient, Antonio <span class=\"hiddenSpellError\">Garc\u00eda<\/span>, i el regidor de Participaci\u00f3, Felip <span class=\"hiddenSpellError\">S\u00e0nchez<\/span>, han visitat aquest mat\u00ed el berenador del Pant\u00e0 on s&#8217;han dut a terme una s\u00e8rie d&#8217;actuacions per adequar la zona. Les obres han tingut un cost de prop de 20.000 euros, dels quals uns dos mil euros provenen dels Pressupostos Participatius.<\/p>\n<p style=\"text-align: justify\">&#8220;Aquesta \u00e9s una zona que durant molts anys ha estat abandonada i que s&#8217;havia perdut aquest \u00fas l\u00fadic i que s&#8217;utilitza bastant en dates assenyalades. A m\u00e9s, estem treballant perqu\u00e8 siga el segon Paratge Natural del Municipi&#8221;, ha explicat el regidor de Medi ambient.<\/p>\n<p style=\"text-align: justify\">Segons ha explicat Antonio <span class=\"hiddenSpellError\">Garc\u00eda<\/span>, ha sigut una actuaci\u00f3 molt integral, la cerca s&#8217;ha pintat, s&#8217;han instal\u00b7lat taules de fusta perqu\u00e8 la gent puga venir a gaudir de la zona.<\/p>\n<p style=\"text-align: justify\">&#8220;Tamb\u00e9 s&#8217;ha esbrossat, que ha sigut la part m\u00e9s \u00e0rdua del treball. Estava tot ple de mala herba. A m\u00e9s, s&#8217;han instal\u00b7lat una s\u00e8rie de passos que canalitzen l&#8217;aigua en cas de pluja&#8221;, ha explicat <span class=\"hiddenSpellError\">Garc\u00eda<\/span>, qui ha afegit que s&#8217;ha aprofitat <span class=\"hiddenGrammarError\">per<\/span> fer una replantaci\u00f3 d&#8217;arbres d&#8217;esp\u00e8cies aut\u00f2ctones, com el xiprer de Cartagena, l&#8217;ullastre, el margall\u00f3, perqu\u00e8 es vaja reforestant la zona i s&#8217;han instal\u00b7lat roques per evitar l&#8217;acc\u00e9s als cotxes.<\/p>\n<p style=\"text-align: justify\">&#8220;Tot aix\u00f2 s&#8217;emmarca dins d&#8217;aquesta estrat\u00e8gia que estem duent a terme de fer valdre el Pant\u00e0, ja que estem treballant perqu\u00e8 siga Paratge Natural Municipal. La part mediambiental ja est\u00e0 acabada, faltaria la part urban\u00edstica que \u00e9s en la que estem treballant&#8221;, ha assenyalat el regidor de Medi Ambient.<\/p>\n<p style=\"text-align: justify\">Segons ha explicat <span class=\"hiddenSpellError\">Garc\u00eda<\/span>, amb l&#8217;Ajuntament d&#8217;Asp &#8220;estem reformant un habitatge en la part del Pant\u00e0 que est\u00e0 a Asp, en Els <span class=\"hiddenSpellError\">Aljezares<\/span>. Estem treballant per a convertir-la en una aula de la Naturalesa&#8221;. &#8220;Despr\u00e9s tamb\u00e9 tenim un gran projecte, d&#8217;un mili\u00f3 d&#8217;euros que tindrem per a invertir en el Pant\u00e0&#8221;, ha assenyalat el regidor de Medi Ambient.<\/p>\n<p style=\"text-align: justify\">El regidor de Participaci\u00f3, Felip <span class=\"hiddenSpellError\">S\u00e0nchez<\/span>, ha assenyalat que &#8220;aquesta actuaci\u00f3 el que fa \u00e9s fer valdre aquest paratge tan emblem\u00e0tic, tan propi dels il\u00b7licitans. El berenador necessitava un arranjament i precisament la ciutadania dins dels Pressupostos Participatius, va demanar millorar els bancs i taules del berenador del Pant\u00e0&#8221;. &#8220;En coincidir amb la iniciativa de Medi ambient, s&#8217;han unit les dues propostes i s&#8217;ha refor\u00e7at m\u00e9s la millora&#8221;, ha exposat S\u00e1nchez.<\/p>\n<p>&nbsp;<\/p>\n","protected":false},"excerpt":{"rendered":"<p>S&#8217;ha repintat la cerca, s&#8217;han instal\u00b7lat noves taules i s&#8217;han plantat arbres aut\u00f2ctons per reforestar la zona &nbsp; El regidor de Medi ambient, Antonio Garc\u00eda, i el regidor de Participaci\u00f3, [&hellip;]<\/p>\n","protected":false},"author":131,"featured_media":48646,"comment_status":"closed","ping_status":"closed","sticky":false,"template":"","format":"standard","meta":{"footnotes":""},"categories":[391,211,208],"tags":[],"class_list":["post-48665","post","type-post","status-publish","format-standard","has-post-thumbnail","hentry","category-home-va","category-medi-ambient-va","category-participacio-ciutadana-va"],"_links":{"self":[{"href":"https:\/\/www.elche.es\/va\/wp-json\/wp\/v2\/posts\/48665","targetHints":{"allow":["GET"]}}],"collection":[{"href":"https:\/\/www.elche.es\/va\/wp-json\/wp\/v2\/posts"}],"about":[{"href":"https:\/\/www.elche.es\/va\/wp-json\/wp\/v2\/types\/post"}],"author":[{"embeddable":true,"href":"https:\/\/www.elche.es\/va\/wp-json\/wp\/v2\/users\/131"}],"replies":[{"embeddable":true,"href":"https:\/\/www.elche.es\/va\/wp-json\/wp\/v2\/comments?post=48665"}],"version-history":[{"count":0,"href":"https:\/\/www.elche.es\/va\/wp-json\/wp\/v2\/posts\/48665\/revisions"}],"wp:featuredmedia":[{"embeddable":true,"href":"https:\/\/www.elche.es\/va\/wp-json\/wp\/v2\/media\/48646"}],"wp:attachment":[{"href":"https:\/\/www.elche.es\/va\/wp-json\/wp\/v2\/media?parent=48665"}],"wp:term":[{"taxonomy":"category","embeddable":true,"href":"https:\/\/www.elche.es\/va\/wp-json\/wp\/v2\/categories?post=48665"},{"taxonomy":"post_tag","embeddable":true,"href":"https:\/\/www.elche.es\/va\/wp-json\/wp\/v2\/tags?post=48665"}],"curies":[{"name":"wp","href":"https:\/\/api.w.org\/{rel}","templated":true}]}}