{"id":51669,"date":"2018-03-02T14:21:39","date_gmt":"2018-03-02T13:21:39","guid":{"rendered":"http:\/\/www.elche.es\/va\/2018\/03\/el-ayuntamiento-cede-una-parcela-para-la-construccion-de-un-centro-para-personas-con-discapacidad-funcional\/"},"modified":"2018-03-05T08:56:41","modified_gmt":"2018-03-05T07:56:41","slug":"el-ayuntamiento-cede-una-parcela-para-la-construccion-de-un-centro-para-personas-con-discapacidad-funcional","status":"publish","type":"post","link":"https:\/\/www.elche.es\/va\/2018\/03\/el-ayuntamiento-cede-una-parcela-para-la-construccion-de-un-centro-para-personas-con-discapacidad-funcional\/","title":{"rendered":"L&#8217;Ajuntament cedeix una parcel\u00b7la per a la construcci\u00f3 d&#8217;un centre per a persones amb discapacitat funcional"},"content":{"rendered":"<blockquote>\n<p style=\"text-align: justify\">La parcel\u00b7la de 14.925 metres quadrats est\u00e0 situada enfront dels carrers <span class=\"hiddenSpellError\">Tonico<\/span> <span class=\"hiddenSpellError\">Sansano<\/span> Mora i President <span class=\"hiddenSpellError\">Adolfo<\/span> Su\u00e1rez<\/p>\n<\/blockquote>\n<p>&nbsp;<\/p>\n<p style=\"text-align: justify\">La portaveu de l&#8217;equip de govern, Patr\u00edcia Maci\u00e0, ha anunciat que l&#8217;Ajuntament cedir\u00e0 a la Generalitat una finca de propietat municipal per a la construcci\u00f3 d&#8217;un nou centre per a persones amb discapacitat funcional.<\/p>\n<p style=\"text-align: justify\">&#8220;Des de la Junta de Govern hem acordat hui cedir una parcel\u00b7la de 14.925 metres quadrats, a m\u00e9s d&#8217;un habitatge, a l&#8217;Institut Valenci\u00e0 d&#8217;Atenci\u00f3 Social Sanit\u00e0ria (<span class=\"hiddenSpellError\">IVASS<\/span>) per a la construcci\u00f3 d&#8217;un centre de resid\u00e8ncia i de dia per a persones amb discapacitat funcional i un pis tutelat&#8221;, ha explicat Patr\u00edcia Maci\u00e0 qui ha recordat que &#8220;el director general, en novembre de 2017, va sol\u00b7licitar la cessi\u00f3 de dos immobles municipals per a un nou centre de Jubalcoi i un habitatge tutelat per als seus usuaris&#8221;.<\/p>\n<p style=\"text-align: justify\">L&#8217;habitatge propietat municipal cedida per a habitatge tutelat es troba en l&#8217;avinguda Corts Valenciana, 3, mentre que el terreny se situa enfront dels carrers <span class=\"hiddenSpellError\">Tonico<\/span> <span class=\"hiddenSpellError\">Sansano<\/span> Mora i President <span class=\"hiddenSpellError\">Adolfo<\/span> Su\u00e1rez.<\/p>\n<p>&nbsp;<\/p>\n","protected":false},"excerpt":{"rendered":"<p>La parcel\u00b7la de 14.925 metres quadrats est\u00e0 situada enfront dels carrers Tonico Sansano Mora i President Adolfo Su\u00e1rez &nbsp; La portaveu de l&#8217;equip de govern, Patr\u00edcia Maci\u00e0, ha anunciat que [&hellip;]<\/p>\n","protected":false},"author":131,"featured_media":51622,"comment_status":"closed","ping_status":"closed","sticky":false,"template":"","format":"standard","meta":{"footnotes":""},"categories":[161,391],"tags":[],"class_list":["post-51669","post","type-post","status-publish","format-standard","has-post-thumbnail","hentry","category-ajuntament","category-home-va"],"_links":{"self":[{"href":"https:\/\/www.elche.es\/va\/wp-json\/wp\/v2\/posts\/51669","targetHints":{"allow":["GET"]}}],"collection":[{"href":"https:\/\/www.elche.es\/va\/wp-json\/wp\/v2\/posts"}],"about":[{"href":"https:\/\/www.elche.es\/va\/wp-json\/wp\/v2\/types\/post"}],"author":[{"embeddable":true,"href":"https:\/\/www.elche.es\/va\/wp-json\/wp\/v2\/users\/131"}],"replies":[{"embeddable":true,"href":"https:\/\/www.elche.es\/va\/wp-json\/wp\/v2\/comments?post=51669"}],"version-history":[{"count":0,"href":"https:\/\/www.elche.es\/va\/wp-json\/wp\/v2\/posts\/51669\/revisions"}],"wp:featuredmedia":[{"embeddable":true,"href":"https:\/\/www.elche.es\/va\/wp-json\/wp\/v2\/media\/51622"}],"wp:attachment":[{"href":"https:\/\/www.elche.es\/va\/wp-json\/wp\/v2\/media?parent=51669"}],"wp:term":[{"taxonomy":"category","embeddable":true,"href":"https:\/\/www.elche.es\/va\/wp-json\/wp\/v2\/categories?post=51669"},{"taxonomy":"post_tag","embeddable":true,"href":"https:\/\/www.elche.es\/va\/wp-json\/wp\/v2\/tags?post=51669"}],"curies":[{"name":"wp","href":"https:\/\/api.w.org\/{rel}","templated":true}]}}