{"id":53447,"date":"2018-03-20T15:25:35","date_gmt":"2018-03-20T14:25:35","guid":{"rendered":"http:\/\/www.elche.es\/va\/2018\/03\/el-ayuntamiento-renueva-su-convenio-con-jovempa-para-la-promocion-y-el-desarrollo-del-emprendimiento-en-la-ciudad\/"},"modified":"2018-03-21T09:57:12","modified_gmt":"2018-03-21T08:57:12","slug":"el-ayuntamiento-renueva-su-convenio-con-jovempa-para-la-promocion-y-el-desarrollo-del-emprendimiento-en-la-ciudad","status":"publish","type":"post","link":"https:\/\/www.elche.es\/va\/2018\/03\/el-ayuntamiento-renueva-su-convenio-con-jovempa-para-la-promocion-y-el-desarrollo-del-emprendimiento-en-la-ciudad\/","title":{"rendered":"L&#8217;Ajuntament renova el seu conveni amb Jovempa per a la promoci\u00f3 i el desenvolupament de l&#8217;emprenedoria en la ciutat"},"content":{"rendered":"<blockquote>\n<p style=\"text-align: justify\">Una de les novetats que arreplega el nou conveni \u00e9s el canvi de seu de Jovempa, que es traslladar\u00e0 al Centre de Desenvolupament Empresarial<\/p>\n<\/blockquote>\n<p>&nbsp;<\/p>\n<p style=\"text-align: justify\">El regidor de Promoci\u00f3 Econ\u00f2mica, <span class=\"hiddenSpellError\">H\u00e9ctor<\/span> <span class=\"hiddenSpellError\">D\u00edez<\/span>, ha renovat per un any m\u00e9s el conveni amb <span class=\"hiddenSpellError\">Jovempa<\/span> amb l&#8217;objecte de recolzar i fomentar l&#8217;emprenedoria en la ciutat. El conveni segueix sent de 18.000 euros per\u00f2, segons ha explicat el regidor, pateix diversos canvis amb els quals es pret\u00e9n donar una millor atenci\u00f3 a tots els emprenedors d&#8217;Elx en el Centre de Desenvolupament Empresarial.<\/p>\n<p style=\"text-align: justify\">&#8220;Aquest conveni permet la contractaci\u00f3 d&#8217;un t\u00e8cnic per a l&#8217;assessorament a emprenedors, per\u00f2 en aquesta ocasi\u00f3 exercir\u00e0 les seues funcions en el Centre de Desenvolupament Empresarial&#8221;, ha assenyalat el regidor, qui ha afegit que <span class=\"hiddenSpellError\">Jovempa<\/span> trasllada la seua seu als despatxos del Centre de Desenvolupament Empresarial.<\/p>\n<p style=\"text-align: justify\">David Santiago, president de <span class=\"hiddenSpellError\">Jovempa<\/span> Federaci\u00f3, ha volgut agrair la renovaci\u00f3 del conveni i ha destacat la labor que s&#8217;ha anat fent des de la federaci\u00f3 des de fa 27 anys per a ajudar al teixit jove i empresarial a l&#8217;hora de posar en marxa el seu projecte.<\/p>\n<p style=\"text-align: justify\">A la signatura del conveni tamb\u00e9 ha assistit <span class=\"hiddenSpellError\">In\u00e9s<\/span> Berenguer, presidenta de <span class=\"hiddenSpellError\">Jovempa<\/span> Elx, qui ha qualificat el canvi de seu com una cosa molt positiva per a estar m\u00e9s en contacte amb els joves emprenedors i oferir-los una millor atenci\u00f3.<\/p>\n<p>&nbsp;<\/p>\n","protected":false},"excerpt":{"rendered":"<p>Una de les novetats que arreplega el nou conveni \u00e9s el canvi de seu de Jovempa, que es traslladar\u00e0 al Centre de Desenvolupament Empresarial &nbsp; El regidor de Promoci\u00f3 Econ\u00f2mica, [&hellip;]<\/p>\n","protected":false},"author":131,"featured_media":53383,"comment_status":"closed","ping_status":"closed","sticky":false,"template":"","format":"standard","meta":{"footnotes":""},"categories":[391,183],"tags":[],"class_list":["post-53447","post","type-post","status-publish","format-standard","has-post-thumbnail","hentry","category-home-va","category-pomocio-economica"],"_links":{"self":[{"href":"https:\/\/www.elche.es\/va\/wp-json\/wp\/v2\/posts\/53447","targetHints":{"allow":["GET"]}}],"collection":[{"href":"https:\/\/www.elche.es\/va\/wp-json\/wp\/v2\/posts"}],"about":[{"href":"https:\/\/www.elche.es\/va\/wp-json\/wp\/v2\/types\/post"}],"author":[{"embeddable":true,"href":"https:\/\/www.elche.es\/va\/wp-json\/wp\/v2\/users\/131"}],"replies":[{"embeddable":true,"href":"https:\/\/www.elche.es\/va\/wp-json\/wp\/v2\/comments?post=53447"}],"version-history":[{"count":0,"href":"https:\/\/www.elche.es\/va\/wp-json\/wp\/v2\/posts\/53447\/revisions"}],"wp:featuredmedia":[{"embeddable":true,"href":"https:\/\/www.elche.es\/va\/wp-json\/wp\/v2\/media\/53383"}],"wp:attachment":[{"href":"https:\/\/www.elche.es\/va\/wp-json\/wp\/v2\/media?parent=53447"}],"wp:term":[{"taxonomy":"category","embeddable":true,"href":"https:\/\/www.elche.es\/va\/wp-json\/wp\/v2\/categories?post=53447"},{"taxonomy":"post_tag","embeddable":true,"href":"https:\/\/www.elche.es\/va\/wp-json\/wp\/v2\/tags?post=53447"}],"curies":[{"name":"wp","href":"https:\/\/api.w.org\/{rel}","templated":true}]}}