{"id":53966,"date":"2018-03-23T14:42:01","date_gmt":"2018-03-23T13:42:01","guid":{"rendered":"http:\/\/www.elche.es\/va\/2018\/03\/las-playas-de-elche-contaran-con-servicio-de-socorrismo-para-semana-santa\/"},"modified":"2018-03-26T09:17:38","modified_gmt":"2018-03-26T08:17:38","slug":"las-playas-de-elche-contaran-con-servicio-de-socorrismo-para-semana-santa","status":"publish","type":"post","link":"https:\/\/www.elche.es\/va\/2018\/03\/las-playas-de-elche-contaran-con-servicio-de-socorrismo-para-semana-santa\/","title":{"rendered":"Les platges d&#8217;Elx comptaran amb servei de socorrisme per a Setmana Santa"},"content":{"rendered":"<blockquote>\n<p style=\"text-align: justify\">La regidora de Turisme, Mireia Moll\u00e0, presenta la nova oficina de turisme de la Marina i la campanya tur\u00edstica que comptar\u00e0 amb m\u00e9s dies de servei de socorristes, nous lavabos, millor manteniment, jocs infantils i cadires de vigil\u00e0ncia, entre altres <span class=\"hiddenGrammarError\">millores<\/span><\/p>\n<\/blockquote>\n<p>&nbsp;<\/p>\n<p style=\"text-align: justify\">El servei de socorrisme en les platges il\u00b7licitanes per a Setmana Santa comen\u00e7ar\u00e0 el 24 de mar\u00e7 i es perllongar\u00e0 fins al 2 d&#8217;abril, segons va explicar la regidora de Turisme, Mireia Moll\u00e0, durant la presentaci\u00f3 de la nova oficina de turisme de la Marina i de diverses millores en el litoral il\u00b7licit\u00e0, acompanyada d&#8217;<span class=\"hiddenSpellError\">\u00c1ngel<\/span> <span class=\"hiddenSpellError\">Murcia<\/span>, en representaci\u00f3 de l&#8217;Ag\u00e8ncia Valenciana de Turisme; <span class=\"hiddenSpellError\">Mari<\/span> <span class=\"hiddenSpellError\">Carmen<\/span> Molino, alcaldessa ped\u00e0nia; <span class=\"hiddenSpellError\">Isa<\/span> <span class=\"hiddenSpellError\">Valent\u00edn<\/span>, vicepresidenta de l&#8217;associaci\u00f3 <span class=\"hiddenSpellError\">PinoMar<\/span>; i <span class=\"hiddenSpellError\">Julio<\/span> Cid, subdirector de l&#8217;empresa <span class=\"hiddenSpellError\">Ambumar<\/span>, concession\u00e0ria del servei, i dels coordinadors de socorrisme d&#8217;aquesta.<\/p>\n<p style=\"text-align: justify\">Els socorristes estaran entre el 24 de mar\u00e7 i el 2 d&#8217;abril en les platges de l&#8217;Altet, Arenals, Carabass\u00ed i La Marina, des de les onze del mat\u00ed fins a les cinc de la vesprada. Pel que fa a l&#8217;estiu, el servei es prestar\u00e0 des de l&#8217;1 de juny fins al 30 de setembre, amb set llocs de socors, entre les deu i mitja del mat\u00ed i les set i mitja de la vesprada.<\/p>\n<p style=\"text-align: justify\">Entre els serveis extraordinaris hi haur\u00e0 deu dies m\u00e9s de vigil\u00e0ncia, que es repartiran entre els caps de setmana del 19 i 20 i 26 i 27 de maig, i els dies 5, 6, 7, 12, 13 i 14 d&#8217;octubre. Tamb\u00e9 hi haur\u00e0 altres millores com dos socorristes m\u00e9s al juliol i l&#8217;agost, m\u00e9s lavabos, quatre cadires de vigil\u00e0ncia, casetes per a vestuari, ampliaci\u00f3 de punts accessibles, neteja i manteniment almenys una vegada a la setmana, jocs infantils o servei de quiosc, hamaques i ombrel\u00b7les.<\/p>\n<p style=\"text-align: justify\">Millores en La Marina<\/p>\n<p style=\"text-align: justify\">&#8220;Hem vingut precisament ac\u00ed, a la Marina, perqu\u00e8 t\u00e9 serveis afegits com la caseta per a oficina d&#8217;informaci\u00f3 tur\u00edstica, que d\u00f3na un estil m\u00e9s modern que la que ten\u00edem, oferir\u00e0 millors serveis i visualment \u00e9s molt m\u00e9s atractiva. Tamb\u00e9 perqu\u00e8 hem augmentat el nombre de lavabos. En La Marina hem posat un m\u00e9s, huit en total, per expressa petici\u00f3 de l&#8217;alcaldessa ped\u00e0nia i de les associacions de ve\u00efns perqu\u00e8 consideren que \u00e9s una platja amb molta aflu\u00e8ncia i que cal refor\u00e7ar aquest servei&#8221;, va explicar la regidora de Turisme.<\/p>\n<p style=\"text-align: justify\">&#8220;L&#8217;empresa <span class=\"hiddenSpellError\">Ambumar<\/span>, que s&#8217;ha portat aquesta licitaci\u00f3, ha incl\u00f2s deu dies m\u00e9s de servei durant l&#8217;any. Dem\u00e0 comen\u00e7a el servei de socorrisme i ac\u00ed m&#8217;agradaria destacar d&#8217;una banda que aquesta Setmana Santa, del 24 de mar\u00e7 al 2 d&#8217;abril, <span class=\"hiddenGrammarError\">hi<\/span> <span class=\"hiddenSpellError\">hair\u00e0<\/span> 17 persones en les quatre casetes de les platges de l&#8217;Altet, Arenals, Carabass\u00ed i La Marina&#8221;, va assenyalar Moll\u00e0.<\/p>\n<p style=\"text-align: justify\">La regidora ha elogiat el treball de l&#8217;empresa concession\u00e0ria, la mateixa que va prestar el servei l&#8217;estiu passat. &#8220;Un gran servei, sense cap incident i amb un tracte molt professional i molt diligent&#8221;, va dir la regidora. Aquesta \u00e9s l&#8217;empresa que far\u00e0 aquest servei, tant en Setmana Santa com a l&#8217;estiu.<\/p>\n<p style=\"text-align: justify\">Pel que fa a les millores, se centraran en l&#8217;estiu. &#8220;El servei es prestar\u00e0 de l&#8217;1 de juny al 30 de setembre, de deu i mitja del mat\u00ed a set i mitja de la vesprada; hi haur\u00e0 servei de socorrisme i d&#8217;adaptats. En aquest cas, s&#8217;harmonitza el servei b\u00e0sic de socorrisme amb l&#8217;adaptat les mateixes hores i els mateixos dies. Per\u00f2 a m\u00e9s, al juliol i l&#8217;agost s&#8217;inclouen dos socorristes m\u00e9s, en total 32&#8221;, va informar la responsable de Turisme.<\/p>\n<p style=\"text-align: justify\">&#8220;Sobre els deu dies de millores, hem decidit que els dos \u00faltims caps de setmana de maig hi haja atenci\u00f3 de socorrisme, en concret el 19 i 20, i 26 i 27. Aix\u00ed mateix, tamb\u00e9 hi haur\u00e0 socorristes els caps de setmana del 5, 6 i 7 d&#8217;octubre i del 12, 13 i 14. S\u00f3n dates que coincideixen amb festivitat a la Comunitat Valenciana i allargarem fins al 14 d&#8217;octubre el servei&#8221;, va manifestar Mireia Moll\u00e0.<\/p>\n<p style=\"text-align: justify\">Manteniment<\/p>\n<p style=\"text-align: justify\">La regidora tamb\u00e9 va assenyalar que &#8220;es realitzar\u00e0 manteniment fins al 14 d&#8217;octubre, es treballar\u00e0 activament per a tenir a punt els banys i els serveis de les platges. D&#8217;altra banda, hem comprat quatre cadires de vigil\u00e0ncia de proximitat que permeten agilitar el control amb una bona perspectiva de les platges. Aix\u00ed mateix, des de Setmana Santa fins a estiu, i tamb\u00e9 per petici\u00f3 dels ve\u00efns, l&#8217;empresa de manteniment far\u00e0 una neteja de passarel\u00b7les i altres elements almenys una vegada a la setmana&#8221;.<\/p>\n<p style=\"text-align: justify\">La regidora de Turisme va agrair a l&#8217;Ag\u00e8ncia Valenciana de Turisme la recuperaci\u00f3 del joc infantil en la platja de l&#8217;Altet i les casetes per a canviar-se, &#8220;que segurament s&#8217;instal\u00b7laran en el Carabass\u00ed&#8221;. Tamb\u00e9 han participat de manera activa en la nova caseta d&#8217;informaci\u00f3 tur\u00edstica, decorada amb grans panells del Misteri i del Palmerar.<\/p>\n<p style=\"text-align: justify\"><span class=\"hiddenSpellError\">\u00c1ngel<\/span> <span class=\"hiddenSpellError\">Murcia<\/span> va indicar que &#8220;l&#8217;oficina millora notablement les instal\u00b7lacions i trasllada una imatge molt potent com a municipi tur\u00edstic perqu\u00e8 Elx t\u00e9 de tot. I d&#8217;altra banda, millorem el servei als visitants i als ve\u00efns, cosa que agra\u00efm tots perqu\u00e8 ja comen\u00e7a a venir p\u00fablic a les platges&#8221;.<\/p>\n<p>&nbsp;<\/p>\n","protected":false},"excerpt":{"rendered":"<p>La regidora de Turisme, Mireia Moll\u00e0, presenta la nova oficina de turisme de la Marina i la campanya tur\u00edstica que comptar\u00e0 amb m\u00e9s dies de servei de socorristes, nous lavabos, [&hellip;]<\/p>\n","protected":false},"author":131,"featured_media":53920,"comment_status":"closed","ping_status":"closed","sticky":false,"template":"","format":"standard","meta":{"footnotes":""},"categories":[391,228],"tags":[],"class_list":["post-53966","post","type-post","status-publish","format-standard","has-post-thumbnail","hentry","category-home-va","category-turisme-va"],"_links":{"self":[{"href":"https:\/\/www.elche.es\/va\/wp-json\/wp\/v2\/posts\/53966","targetHints":{"allow":["GET"]}}],"collection":[{"href":"https:\/\/www.elche.es\/va\/wp-json\/wp\/v2\/posts"}],"about":[{"href":"https:\/\/www.elche.es\/va\/wp-json\/wp\/v2\/types\/post"}],"author":[{"embeddable":true,"href":"https:\/\/www.elche.es\/va\/wp-json\/wp\/v2\/users\/131"}],"replies":[{"embeddable":true,"href":"https:\/\/www.elche.es\/va\/wp-json\/wp\/v2\/comments?post=53966"}],"version-history":[{"count":0,"href":"https:\/\/www.elche.es\/va\/wp-json\/wp\/v2\/posts\/53966\/revisions"}],"wp:featuredmedia":[{"embeddable":true,"href":"https:\/\/www.elche.es\/va\/wp-json\/wp\/v2\/media\/53920"}],"wp:attachment":[{"href":"https:\/\/www.elche.es\/va\/wp-json\/wp\/v2\/media?parent=53966"}],"wp:term":[{"taxonomy":"category","embeddable":true,"href":"https:\/\/www.elche.es\/va\/wp-json\/wp\/v2\/categories?post=53966"},{"taxonomy":"post_tag","embeddable":true,"href":"https:\/\/www.elche.es\/va\/wp-json\/wp\/v2\/tags?post=53966"}],"curies":[{"name":"wp","href":"https:\/\/api.w.org\/{rel}","templated":true}]}}