{"id":54051,"date":"2018-03-27T08:31:01","date_gmt":"2018-03-27T07:31:01","guid":{"rendered":"http:\/\/www.elche.es\/va\/2018\/03\/el-ayuntamiento-da-un-nuevo-impulso-a-la-ampliacion-del-parque-empresarial-en-mas-de-medio-millon-de-metros\/"},"modified":"2018-03-27T09:15:34","modified_gmt":"2018-03-27T08:15:34","slug":"el-ayuntamiento-da-un-nuevo-impulso-a-la-ampliacion-del-parque-empresarial-en-mas-de-medio-millon-de-metros","status":"publish","type":"post","link":"https:\/\/www.elche.es\/va\/2018\/03\/el-ayuntamiento-da-un-nuevo-impulso-a-la-ampliacion-del-parque-empresarial-en-mas-de-medio-millon-de-metros\/","title":{"rendered":"L&#8217;Ajuntament d\u00f3na un nou impuls a l&#8217;ampliaci\u00f3 del Parc Empresarial en m\u00e9s de mig mili\u00f3 de metres"},"content":{"rendered":"<blockquote>\n<p style=\"text-align: justify\">Tots els grups pol\u00edtics, excepte el PP que es va abstenir, voten a favor de sotmetre a exposici\u00f3 p\u00fablica durant 45 dies la documentaci\u00f3 del <span class=\"hiddenGrammarError\">projecte<\/span><\/p>\n<p>Els grups municipals signen una declaraci\u00f3 institucional de suport al Pla Elx 2030 per a fer d&#8217;Elx &#8220;La Ciutat Verda<span class=\"hiddenGrammarError\">&#8220;<\/span><\/p><\/blockquote>\n<p>&nbsp;<\/p>\n<p style=\"text-align: justify\">El ple de l&#8217;Ajuntament d&#8217;Elx va aprovar, pr\u00e0cticament per unanimitat, donar un nou impuls a l&#8217;ampliaci\u00f3 del Parc Empresarial en m\u00e9s de mig mili\u00f3 de metres quadrats en acordar sotmetre a exposici\u00f3 p\u00fablica durant 45 dies tota la documentaci\u00f3 preparada per a dur a terme el projecte, com els estudis d&#8217;impacte ambiental, de mobilitat, patrimonial, de soroll, de paisatge o d&#8217;inundabilitat.<\/p>\n<p style=\"text-align: justify\">Tota la documentaci\u00f3, tal com va explicar el regidor d&#8217;Urbanisme, Jos\u00e9 Manuel S\u00e1nchez, es va elaborar en poc m\u00e9s d&#8217;un any per a remetre-la a la Generalitat amb la finalitat de dur a terme aquesta ampliaci\u00f3. S\u00e1nchez va destacar l&#8217;enorme esfor\u00e7 dels t\u00e8cnics municipals i de l&#8217;empresa municipal <span class=\"hiddenSpellError\">PIMESA<\/span>, que van treballar sense treva per a elaborar tots els documents necessaris.<\/p>\n<p style=\"text-align: justify\">El regidor d&#8217;Urbanisme va justificar la necessitat de l&#8217;ampliaci\u00f3 en qu\u00e8 Elx \u00e9s la sisena ciutat espanyola amb major percentatge d&#8217;ocupaci\u00f3 en el sector industrial, amb m\u00e9s de 1.400 empreses industrials i 13.500 treballadors en continu creixement. &#8220;Tot aix\u00f2, com \u00e9s l\u00f2gic, implica importants necessitats de s\u00f2l industrial. En aquests moments, la plataforma Elx Parc Empresarial es troba totalment consolidada amb una superf\u00edcie de m\u00e9s de dos milions i mig de metres quadrats. Actualment, compta amb a penes 90 parcel\u00b7les sense edificar, totalitzant una mica m\u00e9s de 360.000 metres quadrats de s\u00f2l net. Del total de parcel\u00b7les disponibles, tan sols una vintena s\u00f3n propietat de <span class=\"hiddenSpellError\">PIMESA<\/span>, es disposa per tant d&#8217;una oferta p\u00fablica de s\u00f2l d&#8217;uns 90.000 metres quadrats&#8221;, va explicar S\u00e1nchez.<\/p>\n<p style=\"text-align: justify\">&#8220;Aquesta reserva de s\u00f2l \u00e9s l&#8217;oferta p\u00fablica disponible a curt termini, sent a m\u00e9s parcel\u00b7les de grand\u00e0ria variada per\u00f2 de tipologia redu\u00efda en la seua majoria. La parcel\u00b7la m\u00e9s gran amb a penes supera els 30.000 metres quadrats, insuficient per a atendre possibles necessitats d&#8217;implantaci\u00f3 de grans empreses&#8221;, va afegir el responsable d&#8217;Urbanisme.<\/p>\n<p style=\"text-align: justify\">Jos\u00e9 Manuel S\u00e1nchez va recordar que la Junta de Govern Local va establir el passat 11 de mar\u00e7 de 2016 com a objectiu estrat\u00e8gic el suport de l&#8217;Ajuntament a la creaci\u00f3 d&#8217;empreses que generen ocupaci\u00f3 de qualitat a trav\u00e9s de la promoci\u00f3 i comercialitzaci\u00f3 de s\u00f2l per a activitats econ\u00f2miques de titularitat p\u00fablica, per la qual cosa s&#8217;ha dut a terme amb celeritat la tramitaci\u00f3 de tot el proc\u00e9s administratiu per a sotmetre la documentaci\u00f3 a exposici\u00f3 p\u00fablica.<\/p>\n<p style=\"text-align: justify\">El regidor tamb\u00e9 va explicar que els costos d&#8217;urbanitzaci\u00f3 ascendeixen a 33.473.103 euros i els de licitaci\u00f3 a 153.164.244 euros. El total dels costos de l&#8217;operaci\u00f3 s\u00f3n de 186.637.347 euros i els d&#8217;ingressos previstos, 235.189.467 euros, la qual cosa llan\u00e7a un saldo positiu de 48.552.119 euros.<\/p>\n<p style=\"text-align: justify\">Execuci\u00f3 pressupost\u00e0ria<\/p>\n<p style=\"text-align: justify\">D&#8217;altra banda, la regidora d&#8217;Hisenda, <span class=\"hiddenSpellError\">Ana<\/span> <span class=\"hiddenSpellError\">Arabid<\/span>, va donar compte de l&#8217;execuci\u00f3 pressupost\u00e0ria i els moviments de tresoreria, referits al quart trimestre de 2017, i va assenyalar que &#8220;quant al pressupost d&#8217;ingressos, obt\u00e9 un nivell d&#8217;execuci\u00f3 del 94,15% respecte a drets reconeguts, dels quals s&#8217;ha recaptat el 87,86%&#8221;. Pel que fa a les partides de despeses, <span class=\"hiddenSpellError\">Arabid<\/span> va indicar que &#8220;el pressupost t\u00e9 un nivell d&#8217;execuci\u00f3 del 93,71% quant a despeses compromeses i del 92,95% quant a les obligacions reconegudes&#8221;.<\/p>\n<p style=\"text-align: justify\">&#8220;Si tenim en compte \u00fanicament els cap\u00edtols 1 a 4, que s\u00f3n les despeses de car\u00e0cter ordinari, \u00e9s a dir, el gruix de la despesa de l&#8217;Ajuntament, aconseguim un nivell d&#8217;execuci\u00f3 del 97,52% quant als compromisos de pagament, havent-se reconegut obligacions per un 96,32%, un nivell d&#8217;execuci\u00f3 adequat i d&#8217;acord amb les previsions que inicialment es van realitzar&#8221;, va afegir la regidora d&#8217;Hisenda.<\/p>\n<p style=\"text-align: justify\">&#8220;Quant als moviments de tresoreria, iniciem l&#8217;any amb 31 milions d&#8217;euros de fons l\u00edquids i ho finalitzem fregant els 17 milions d&#8217;euros, la qual cosa ens garanteix la inexist\u00e8ncia de tensions de tresoreria per a enguany&#8221;, va indicar <span class=\"hiddenSpellError\">Arabid<\/span>.<\/p>\n<p style=\"text-align: justify\">Pel que fa a un altre punt de l&#8217;ordre del dia, relatiu al grau de compliment de les mem\u00f2ries dels projectes d&#8217;inversi\u00f3 financerament sostenibles, <span class=\"hiddenSpellError\">Arabid<\/span> va explicar que &#8220;segons l&#8217;informe em\u00e9s per la intervenci\u00f3 municipal s&#8217;han complit les mem\u00f2ries corresponents a cada projecte de 2017 com el carril bici de l&#8217;avinguda de la Llibertat o la prolongaci\u00f3 de l&#8217;enllumenat del vessant del riu&#8221;.<\/p>\n<p style=\"text-align: justify\">Liquidaci\u00f3 del pressupost<\/p>\n<p style=\"text-align: justify\">A la regidora d&#8217;Hisenda va correspondre tamb\u00e9 donar compte de la liquidaci\u00f3 del pressupost de 2017 i va assenyalar que a 31 de desembre d&#8217;aquest any la capacitat de finan\u00e7ament de l&#8217;Ajuntament era de 23,6 milions d&#8217;euros i el super\u00e0vit va ascendir a 3,4 milions. Per la seua banda, el romanent de tresoreria ha sigut de 4,7 milions i l&#8217;estalvi net es va elevar a 20, 5 milions. Aix\u00ed mateix, l&#8217;endeutament ha passat dels 119 milions de juny de 2015, quan va prendre possessi\u00f3 l&#8217;actual equip de govern, als 56 de l&#8217;actualitat, un total de 63 milions menys.<\/p>\n<p style=\"text-align: justify\"><span class=\"hiddenSpellError\">Ana<\/span> <span class=\"hiddenSpellError\">Arabid<\/span> va destacar que &#8220;els resultats econ\u00f2mics de l&#8217;exercici de 2017 reflecteixen una gesti\u00f3 responsable dels recursos, que ha conjugat aquesta responsabilitat amb la prioritat de donar <span class=\"hiddenGreenError\">la major cobertura<\/span> possible a les necessitats dels ciutadans&#8221;.<\/p>\n<p style=\"text-align: justify\">Quant als punts 7 i 8 de l&#8217;ordre del dia, referits a reconeixement de cr\u00e8dits, la responsable d&#8217;Hisenda va indicar que tenim factures per import de dos milions d&#8217;euros, el pagament dels quals estava previst en 2017 per\u00f2 que van ser presentades pels prove\u00efdors despr\u00e9s del 31 de desembre. Aix\u00ed mateix, un altre ajust pressupostari es referia a &#8220;la construcci\u00f3 i lliurament als propietaris dels habitatges de l&#8217;edifici n\u00famero 1 del barri de Sant Antoni constru\u00efdes per <span class=\"hiddenSpellError\">PIMESA<\/span>&#8220;. Aquests punts van ser aprovats amb els vots de PSOE, Comprom\u00eds i Partit d&#8217;Elx i les abstencions de PP, Ciutadans i Il\u00b7licitans per Elx.<\/p>\n<p style=\"text-align: justify\">Mocions<\/p>\n<p style=\"text-align: justify\">Pel que fa a les mocions presentades pels diferents grups pol\u00edtics es va aprovar una de Ciutadans, amb una esmena d&#8217;addici\u00f3 del Partit d&#8217;Elx, que planteja donar un termini de 90 dies per a consensuar amb ve\u00efns i comerciants la conversi\u00f3 en zona de vianants de la Corredora i vincula el projecte a l&#8217;inici de les obres del Mercat Central. La moci\u00f3 va rebre els vots favorables de Ciutadans, PP i Partit d&#8217;Elx; en contra van votar PSOE i Comprom\u00eds; els dos regidors d&#8217;Il\u00b7licitans per Elx es van abstenir.<\/p>\n<p style=\"text-align: justify\">Per unanimitat van ser aprovades una moci\u00f3 d&#8217;Il\u00b7licitans per Elx en la qual planteja instal\u00b7lar una caseta per a persones cel\u00edaques en la Fireta del Camp d&#8217;Elx; una altra de Comprom\u00eds de suport i solidaritat amb els agricultors afectats per la sequera, a la qual es va afegir una esmena del PSOE que proposa considerar insubstitu\u00efble el transvasament Tajo-Segura per al desenvolupament econ\u00f2mic i social del municipi, per la qual cosa va retirar una moci\u00f3 amb un contingut similar; la creaci\u00f3 d&#8217;un pla de lluita contra la viol\u00e8ncia en l&#8217;esport proposat per Ciutadans; i una iniciativa del PP perqu\u00e8 s&#8217;inste a la Generalitat a realitzar les obres necess\u00e0ries per a retirar l&#8217;amiant dels centres educatius que encara tenen aquest material en les seues instal\u00b7lacions.<\/p>\n<p style=\"text-align: justify\">En canvi, va ser rebutjada una moci\u00f3 de Ciutadans, presentada per via d&#8217;urg\u00e8ncia, que plantejava prendre mesures per a evitar els delictes d&#8217;ocupaci\u00f3 il\u00b7legal d&#8217;edificis i habitatges.<\/p>\n<p style=\"text-align: justify\">Declaraci\u00f3 institucional<\/p>\n<p style=\"text-align: justify\">En la sessi\u00f3 plen\u00e0ria es va llegir una declaraci\u00f3 institucional signada per tots els grups pol\u00edtics per la qual manifesten el suport al pla <span class=\"hiddenSpellError\">Elx 2030<\/span>, &#8220;que planteja com a visi\u00f3 estrat\u00e8gica fer d&#8217;Elx &#8216;La Ciutat Verda&#8217;, com a base per a transformar l&#8217;actual model territorial, mediambiental, econ\u00f2mic i social, en un altre m\u00e9s verd, eco innovador, creatiu i digital, propiciant amb aix\u00f2 la preparaci\u00f3 i presentaci\u00f3 d&#8217;una candidatura solvent al reconeixement de Capital Verda Europea&#8221;, segons s&#8217;expressa en el punt primer dels acords.<\/p>\n<p style=\"text-align: justify\">Preguntes dels ciutadans<\/p>\n<p style=\"text-align: justify\">En el torn dels ciutadans, <span class=\"hiddenSpellError\">Abilio<\/span> Castillo, va preguntar per la interrupci\u00f3 del servei de Radi Jove, al que la regidora de Joventut, Teresa <span class=\"hiddenSpellError\">Maci\u00e1<\/span>, va respondre que s&#8217;estan estudiant f\u00f3rmules adequades per a recuperar-ho. Per la seua banda, Raquel <span class=\"hiddenSpellError\">Garc\u00eda<\/span> va preguntar si davant la conversi\u00f3 en zona de vianants de la Corredora s&#8217;han fet estudis d&#8217;impacte del tr\u00e0nsit en el carrer \u00c0ngel i adjacents. La regidora de Mobilitat, <span class=\"hiddenSpellError\">Esther<\/span> <span class=\"hiddenSpellError\">D\u00edez<\/span>, va respondre amb dades de l&#8217;estudi de tr\u00e0nsit i del Pla de Mobilitat, disponibles en la web municipal.<\/p>\n<p>&nbsp;<\/p>\n","protected":false},"excerpt":{"rendered":"<p>Tots els grups pol\u00edtics, excepte el PP que es va abstenir, voten a favor de sotmetre a exposici\u00f3 p\u00fablica durant 45 dies la documentaci\u00f3 del projecte Els grups municipals signen [&hellip;]<\/p>\n","protected":false},"author":131,"featured_media":54049,"comment_status":"closed","ping_status":"closed","sticky":false,"template":"","format":"standard","meta":{"footnotes":""},"categories":[161,391,210],"tags":[],"class_list":["post-54051","post","type-post","status-publish","format-standard","has-post-thumbnail","hentry","category-ajuntament","category-home-va","category-urbanisme-va"],"_links":{"self":[{"href":"https:\/\/www.elche.es\/va\/wp-json\/wp\/v2\/posts\/54051","targetHints":{"allow":["GET"]}}],"collection":[{"href":"https:\/\/www.elche.es\/va\/wp-json\/wp\/v2\/posts"}],"about":[{"href":"https:\/\/www.elche.es\/va\/wp-json\/wp\/v2\/types\/post"}],"author":[{"embeddable":true,"href":"https:\/\/www.elche.es\/va\/wp-json\/wp\/v2\/users\/131"}],"replies":[{"embeddable":true,"href":"https:\/\/www.elche.es\/va\/wp-json\/wp\/v2\/comments?post=54051"}],"version-history":[{"count":0,"href":"https:\/\/www.elche.es\/va\/wp-json\/wp\/v2\/posts\/54051\/revisions"}],"wp:featuredmedia":[{"embeddable":true,"href":"https:\/\/www.elche.es\/va\/wp-json\/wp\/v2\/media\/54049"}],"wp:attachment":[{"href":"https:\/\/www.elche.es\/va\/wp-json\/wp\/v2\/media?parent=54051"}],"wp:term":[{"taxonomy":"category","embeddable":true,"href":"https:\/\/www.elche.es\/va\/wp-json\/wp\/v2\/categories?post=54051"},{"taxonomy":"post_tag","embeddable":true,"href":"https:\/\/www.elche.es\/va\/wp-json\/wp\/v2\/tags?post=54051"}],"curies":[{"name":"wp","href":"https:\/\/api.w.org\/{rel}","templated":true}]}}