{"id":55165,"date":"2018-04-05T08:36:06","date_gmt":"2018-04-05T07:36:06","guid":{"rendered":"http:\/\/www.elche.es\/va\/2018\/04\/los-ayuntamientos-de-alicante-y-elche-colaboran-con-la-compania-ilicitana-otradanza-en-la-organizacion-del-festival-abril-en-danza\/"},"modified":"2018-04-05T09:26:02","modified_gmt":"2018-04-05T08:26:02","slug":"los-ayuntamientos-de-alicante-y-elche-colaboran-con-la-compania-ilicitana-otradanza-en-la-organizacion-del-festival-abril-en-danza","status":"publish","type":"post","link":"https:\/\/www.elche.es\/va\/2018\/04\/los-ayuntamientos-de-alicante-y-elche-colaboran-con-la-compania-ilicitana-otradanza-en-la-organizacion-del-festival-abril-en-danza\/","title":{"rendered":"Els Ajuntaments d&#8217;Alacant i Elx col\u00b7laboren amb la companyia il\u00b7licitana OtraDanza en l&#8217;organitzaci\u00f3 del Festival Abril en Dansa"},"content":{"rendered":"<blockquote>\n<p style=\"text-align: justify\">L&#8217;objectiu del festival \u00e9s divulgar el ball contemporani, fomentar la professionalitzaci\u00f3 dels seus artistes i acostar nous p\u00fablics a la <span class=\"hiddenGrammarError\">dansa<\/span><\/p>\n<\/blockquote>\n<p>&nbsp;<\/p>\n<p style=\"text-align: justify\">La companyia de ball, dirigida per <span class=\"hiddenSpellError\">Asun<\/span> <span class=\"hiddenSpellError\">Noales<\/span>, ha preparat un intens programa amb actuacions, tallers, activitats pedag\u00f2giques i formatives per a donar suport al ball contemporani. Els esdeveniments es desenvoluparan en les dues ciutats del 5 al 29 d&#8217;abril per a divulgar el ball contemporani, fomentar la professionalitzaci\u00f3 dels seus artistes i acostar\u00a0 nous p\u00fablics a la dansa.<\/p>\n<p style=\"text-align: justify\"><span class=\"hiddenSpellError\">Asun<\/span> <span class=\"hiddenSpellError\">Noales<\/span> ha disseccionat els continguts del festival, entre les novetats dels quals figura la incorporaci\u00f3 de l&#8217;Ambaixada d&#8217;Israel a Espanya, que ha propiciat l&#8217;arribada d&#8217;un dels estels del festival, la ballarina <span class=\"hiddenSpellError\">Ravid<\/span> <span class=\"hiddenSpellError\">Aberbanel<\/span>. Al costat dels dos ajuntaments i la delegaci\u00f3 israeliana, amb el certamen col\u00b7laboren, a m\u00e9s, Casa Mediterrani, Institut Valenci\u00e0 de Cultura &#8211; Generalitat-, Institut Gil Albert i diversos centres i <span class=\"hiddenGrammarError\">ens<\/span> culturals de les dues ciutats.<\/p>\n<p style=\"text-align: justify\">&#8220;El treball que realitzen els dos ajuntaments camina en la bona adre\u00e7a quant a cooperaci\u00f3 entre institucions p\u00fabliques i entitats privades, del que es beneficia directament la ciutadania, ja que part dels espectacles s&#8217;ofereixen a l&#8217;aire lliure, amb el que la dansa ix a la trobada de les persones&#8221;, ha referit Gloria Encalla.<\/p>\n<p style=\"text-align: justify\">El festival ofereix activitats en diversos empla\u00e7aments, en auditoris i espais esc\u00e8nics del Teatre Principal d&#8217;Alacant, L&#8217;Escorxador, Teatre <span class=\"hiddenSpellError\">Arniches<\/span>, Casa Mediterrani, Gran Teatre d&#8217;Elx, centre <span class=\"hiddenSpellError\">Cigarreras<\/span>, etc., aix\u00ed com en espais oberts, a Alacant: <span class=\"hiddenSpellError\">pla\u00e7a<\/span> del Port (<span class=\"hiddenSpellError\">Tiovivo<\/span>), <span class=\"hiddenSpellError\">pla\u00e7a<\/span> de l&#8217;Ajuntament i pla\u00e7a de Santa Maria, entre altres. I a Elx, en La Glorieta, pla\u00e7a de Santa Isabel, pla\u00e7a de Santa Maria, etc.<\/p>\n<p style=\"text-align: justify\">Totes aquestes propostes de dansa, tallers, actes formatius i pedag\u00f2gics contribueixen a diversificar les propostes culturals en les dues ciutats. Abril en Dansa trau el cap tamb\u00e9, segons han indicat els portaveus, a altres expressions de ball, com break dance, cl\u00e0ssic o flamenc.<\/p>\n<p style=\"text-align: justify\">La programaci\u00f3 inclou nou tallers enfocats a diferents col\u00b7lectius, cinc activitats divulgatives amb diferents continguts, i desenes de representacions que seran protagonitzades per joves ballarins, creadors experimentats i companyies reconegudes, com \u00e9s el cas <span class=\"hiddenGrammarError\">de la Veronal<\/span> o <span class=\"hiddenSpellError\">Sharon<\/span> <span class=\"hiddenSpellError\">Fridman<\/span>.<\/p>\n<p style=\"text-align: justify\">El programa complet, amb dies, hores, entrades, etc., es pot consultar en el seg\u00fcent enlla\u00e7\u00a0 <a href=\"http:\/\/www.abrilendanza.es\">www.abrilendanza.es<\/a><\/p>\n","protected":false},"excerpt":{"rendered":"<p>L&#8217;objectiu del festival \u00e9s divulgar el ball contemporani, fomentar la professionalitzaci\u00f3 dels seus artistes i acostar nous p\u00fablics a la dansa &nbsp; La companyia de ball, dirigida per Asun Noales, [&hellip;]<\/p>\n","protected":false},"author":131,"featured_media":55149,"comment_status":"closed","ping_status":"closed","sticky":false,"template":"","format":"standard","meta":{"footnotes":""},"categories":[193,391],"tags":[],"class_list":["post-55165","post","type-post","status-publish","format-standard","has-post-thumbnail","hentry","category-cultura-va","category-home-va"],"_links":{"self":[{"href":"https:\/\/www.elche.es\/va\/wp-json\/wp\/v2\/posts\/55165","targetHints":{"allow":["GET"]}}],"collection":[{"href":"https:\/\/www.elche.es\/va\/wp-json\/wp\/v2\/posts"}],"about":[{"href":"https:\/\/www.elche.es\/va\/wp-json\/wp\/v2\/types\/post"}],"author":[{"embeddable":true,"href":"https:\/\/www.elche.es\/va\/wp-json\/wp\/v2\/users\/131"}],"replies":[{"embeddable":true,"href":"https:\/\/www.elche.es\/va\/wp-json\/wp\/v2\/comments?post=55165"}],"version-history":[{"count":0,"href":"https:\/\/www.elche.es\/va\/wp-json\/wp\/v2\/posts\/55165\/revisions"}],"wp:featuredmedia":[{"embeddable":true,"href":"https:\/\/www.elche.es\/va\/wp-json\/wp\/v2\/media\/55149"}],"wp:attachment":[{"href":"https:\/\/www.elche.es\/va\/wp-json\/wp\/v2\/media?parent=55165"}],"wp:term":[{"taxonomy":"category","embeddable":true,"href":"https:\/\/www.elche.es\/va\/wp-json\/wp\/v2\/categories?post=55165"},{"taxonomy":"post_tag","embeddable":true,"href":"https:\/\/www.elche.es\/va\/wp-json\/wp\/v2\/tags?post=55165"}],"curies":[{"name":"wp","href":"https:\/\/api.w.org\/{rel}","templated":true}]}}