{"id":55700,"date":"2018-04-10T14:06:23","date_gmt":"2018-04-10T13:06:23","guid":{"rendered":"http:\/\/www.elche.es\/va\/2018\/04\/el-ayuntamiento-triplica-el-presupuesto-para-mantenimiento-y-mejora-de-colegios-y-escuelas-infantiles\/"},"modified":"2018-04-10T14:31:10","modified_gmt":"2018-04-10T13:31:10","slug":"el-ayuntamiento-triplica-el-presupuesto-para-mantenimiento-y-mejora-de-colegios-y-escuelas-infantiles","status":"publish","type":"post","link":"https:\/\/www.elche.es\/va\/2018\/04\/el-ayuntamiento-triplica-el-presupuesto-para-mantenimiento-y-mejora-de-colegios-y-escuelas-infantiles\/","title":{"rendered":"L&#8217;Ajuntament triplica el pressupost per a manteniment i millora de col\u00b7legis i escoles infantils"},"content":{"rendered":"<blockquote>\n<p style=\"text-align: justify\">La regidora d&#8217;Educaci\u00f3, Patr\u00edcia Maci\u00e0, i el regidor de Manteniment, <span class=\"hiddenSpellError\">H\u00e9ctor<\/span> <span class=\"hiddenSpellError\">D\u00edez<\/span>, visiten el col\u00b7legi San <span class=\"hiddenSpellError\">Fernando<\/span>, un dels dotze centres en els quals s&#8217;ha actuat aprofitant les <span class=\"hiddenGrammarError\">vacances<\/span><\/p>\n<p>La inversi\u00f3 prevista per al present exercici ronda el mili\u00f3 d&#8217;euros<\/p>\n<\/blockquote>\n<p>&nbsp;<\/p>\n<p>La regidora d&#8217;Educaci\u00f3, Patr\u00edcia Maci\u00e0, i el regidor de Manteniment, <span class=\"hiddenSpellError\">H\u00e9ctor<\/span> <span class=\"hiddenSpellError\">D\u00edez<\/span>, han visitat el col\u00b7legi San <span class=\"hiddenSpellError\">Fernando<\/span>, un dels dotze centres del municipi en els quals l&#8217;Ajuntament ha dut a terme obres de millora aprofitant l&#8217;aturada vacacional.<\/p>\n<p>&#8220;Hem aprofitat l&#8217;aturada de Setmana Santa per a intensificar els treballs de manteniment i millora dels centres escolars&#8221;, ha assenyalat <span class=\"hiddenSpellError\">H\u00e9ctor<\/span> <span class=\"hiddenSpellError\">D\u00edez<\/span>, qui ha afegit que &#8220;hem visitat el col\u00b7legi San <span class=\"hiddenSpellError\">Fernando<\/span> on hem aprofitat per a eliminar totes les zones de terra en el pati d&#8217;Infantil, pavimentant-les i creant una zona de superf\u00edcie blana perqu\u00e8 els xiquets puguen fer gimn\u00e0stica. A m\u00e9s, s&#8217;ha actuat substituint els anteriors escocells per uns altres m\u00e9s segurs&#8221;.<\/p>\n<p>Per la seua banda, Maci\u00e0 ha indicat que &#8220;aquest tipus d&#8217;actuacions de manteniment de col\u00b7legis s\u00f3n molt demandades tant per les direccions dels centres com pels pares i mares. Sempre pensem en les grans obres, per\u00f2 aquestes actuacions fan que millore la qualitat de l&#8217;educaci\u00f3. \u00c9s un assumpte prioritari per a nosaltres&#8221;.<\/p>\n<p>El regidor de Manteniment ha assenyalat que aquestes actuacions s&#8217;han realitzat en prop d&#8217;una dotzena de centres de la ciutat i les seues pedanies. \u00c9s el cas del fet deformigonar de zones de terra en el pati i l&#8217;obertura d&#8217;una porta per a vehicles en el col\u00b7legi <span class=\"hiddenSpellError\">Miguel<\/span> Hern\u00e1ndez; el de pintar de la pista esportiva i la reparaci\u00f3 de l&#8217;escala en el col\u00b7legi El Pla; l&#8217;obertura d&#8217;una porta per a vehicles en el pati, en l&#8217;escola infantil <span class=\"hiddenGreenError\">Don<\/span> <span class=\"hiddenSpellError\">Crisp\u00edn<\/span>; la reparaci\u00f3 del paviment en la cuina del col\u00b7legi <span class=\"hiddenSpellError\">Mariano<\/span> Benlliure; la col\u00b7locaci\u00f3 de suports per a lavabos, en acer inoxidable, en el col\u00b7legi <span class=\"hiddenSpellError\">Luis<\/span> Cernuda; la pintura en la tanca exterior en el col\u00b7legi <span class=\"hiddenSpellError\">Ausias<\/span> March; la pintura a l&#8217;interior en el col\u00b7legi de la Marina i la pintura de l&#8217;interior en l&#8217;escola infantil Rosa Fern\u00e1ndez.<\/p>\n<p>&#8220;Tots aquests treballs v\u00e9nen a sumar-se a les nombroses actuacions que es realitzaran durant 2018, un exercici en el qual aquest equip de govern ha pressupostat mig mili\u00f3 d&#8217;euros, un 30% m\u00e9s que l&#8217;any anterior i tres vegades m\u00e9s del que va pressupostar el PP en el seu \u00faltim any de govern&#8221;, ha apuntat <span class=\"hiddenSpellError\">D\u00edez<\/span> qui ha afegit que &#8220;aix\u00f2 \u00e9s la prova que per a aquest equip de govern les actuacions de millora dels centres educatius i l&#8217;educaci\u00f3 p\u00fablica s\u00f3n una prioritat&#8221;.<\/p>\n<p>El responsable de Manteniment ha indicat que aquestes actuacions es seguiran fent al llarg del present exercici. M\u00e9s de 100.000 euros per a pintures en les aules, jocs infantils, arranjament de pistes esportives i creaci\u00f3 de zones d&#8217;ombra.<\/p>\n<p>Obres de reforma del paviment asf\u00e0ltic de les pistes esportives a causa de l&#8217;estat de deterioraci\u00f3 dels col\u00b7legis:<\/p>\n<p>&nbsp;<\/p>\n<p>\u2713 CEIP La Marina<br \/>\n\u2713 CEIP La Galia<br \/>\n\u2713 CEIP Els Garrofers<br \/>\n\u2713 CEIP El Toscar<br \/>\n\u2713 CEIP Miguel Hern\u00e1ndez<br \/>\n\u2713 CEIP Baix Vinalop\u00f3<\/p>\n<p>\u2022 Obres de reforma dels lavabos dels col.legis p\u00fablics:<\/p>\n<p>\u2713 CEIP El Palmeral<br \/>\n\u2713 CEIP Sant Antoni de La Foia<br \/>\n\u2713 CEIP Men\u00e9ndez Pelayo<\/p>\n<p>\u2022 Instalaci\u00f3 de jocs infantils per a exterior de les Escoles Infantils Municipals:<\/p>\n<p>\u2713 EEII Don Julio<br \/>\n\u2713 EEII Don Honorio<br \/>\n\u2713 EEII Don Crisp\u00edn<br \/>\n\u2713 EEII Els Xiquets<\/p>\n<p>\u2022 Construcci\u00f3 de p\u00e8rgoles per a ombra en los patis de col.legis p\u00fablics i\u00a0 escoles infantils:<\/p>\n<p>\u2713 CEIP Princesa de Asturias<br \/>\n\u2713 CEIP Clara Campoamor<br \/>\n\u2713 CEIP Valverde<br \/>\n\u2713 CEIP Jaume I<br \/>\n\u2713 CEIP San Fernando<br \/>\n\u2713 CEIP Candalix<br \/>\n\u2713 EEII Rosa Fern\u00e1ndez<\/p>\n<p>\u2022 Rehabilitaci\u00f3 dels pilars del menjador del CEIP Rodolfo Samper de l&#8217;Altet.<\/p>\n<p>\u2022 Sustituci\u00f3 parcial de la xarxa d&#8217;aig\u00fca potable de la EEII Rosa Fern\u00e1ndez.<\/p>\n","protected":false},"excerpt":{"rendered":"<p>La regidora d&#8217;Educaci\u00f3, Patr\u00edcia Maci\u00e0, i el regidor de Manteniment, H\u00e9ctor D\u00edez, visiten el col\u00b7legi San Fernando, un dels dotze centres en els quals s&#8217;ha actuat aprofitant les vacances La [&hellip;]<\/p>\n","protected":false},"author":131,"featured_media":55686,"comment_status":"closed","ping_status":"closed","sticky":false,"template":"","format":"standard","meta":{"footnotes":""},"categories":[193,391,680],"tags":[],"class_list":["post-55700","post","type-post","status-publish","format-standard","has-post-thumbnail","hentry","category-cultura-va","category-home-va","category-mantenimiento-va"],"_links":{"self":[{"href":"https:\/\/www.elche.es\/va\/wp-json\/wp\/v2\/posts\/55700","targetHints":{"allow":["GET"]}}],"collection":[{"href":"https:\/\/www.elche.es\/va\/wp-json\/wp\/v2\/posts"}],"about":[{"href":"https:\/\/www.elche.es\/va\/wp-json\/wp\/v2\/types\/post"}],"author":[{"embeddable":true,"href":"https:\/\/www.elche.es\/va\/wp-json\/wp\/v2\/users\/131"}],"replies":[{"embeddable":true,"href":"https:\/\/www.elche.es\/va\/wp-json\/wp\/v2\/comments?post=55700"}],"version-history":[{"count":0,"href":"https:\/\/www.elche.es\/va\/wp-json\/wp\/v2\/posts\/55700\/revisions"}],"wp:featuredmedia":[{"embeddable":true,"href":"https:\/\/www.elche.es\/va\/wp-json\/wp\/v2\/media\/55686"}],"wp:attachment":[{"href":"https:\/\/www.elche.es\/va\/wp-json\/wp\/v2\/media?parent=55700"}],"wp:term":[{"taxonomy":"category","embeddable":true,"href":"https:\/\/www.elche.es\/va\/wp-json\/wp\/v2\/categories?post=55700"},{"taxonomy":"post_tag","embeddable":true,"href":"https:\/\/www.elche.es\/va\/wp-json\/wp\/v2\/tags?post=55700"}],"curies":[{"name":"wp","href":"https:\/\/api.w.org\/{rel}","templated":true}]}}