{"id":55801,"date":"2018-04-11T12:50:17","date_gmt":"2018-04-11T11:50:17","guid":{"rendered":"http:\/\/www.elche.es\/va\/2018\/04\/mantenimiento-amplia-la-zona-asfaltada-al-aire-libre-del-centro-social-de-la-baia\/"},"modified":"2018-04-11T13:32:19","modified_gmt":"2018-04-11T12:32:19","slug":"mantenimiento-amplia-la-zona-asfaltada-al-aire-libre-del-centro-social-de-la-baia","status":"publish","type":"post","link":"https:\/\/www.elche.es\/va\/2018\/04\/mantenimiento-amplia-la-zona-asfaltada-al-aire-libre-del-centro-social-de-la-baia\/","title":{"rendered":"Manteniment amplia la zona asfaltada a l&#8217;aire lliure del Centre Social de la Baia"},"content":{"rendered":"<blockquote>\n<p style=\"text-align: justify\">El regidor d&#8217;Ocupaci\u00f3, H\u00e9ctor D\u00edez, ha explicat que aquesta setmana s&#8217;ha passat a licitaci\u00f3 el projecte d&#8217;asfaltat de carrers i camins del Camp d&#8217;Elx<\/p>\n<\/blockquote>\n<p>&nbsp;<\/p>\n<p style=\"text-align: justify\">El regidor de Manteniment, <span class=\"hiddenSpellError\">H\u00e9ctor<\/span> <span class=\"hiddenSpellError\">D\u00edez<\/span>, ha visitat el Centre Social de la Baia on s&#8217;ha dut a terme una actuaci\u00f3 d&#8217;ampliaci\u00f3 de l&#8217;espai d&#8217;asfaltat que hi ha al voltant de la instal\u00b7laci\u00f3.<\/p>\n<p>&#8220;\u00c9s una actuaci\u00f3 que realitzem a petici\u00f3 de les diferents entitats de ve\u00efns i el mateix alcalde pedani i que s&#8217;ha dut a terme en aquest gran espai di\u00e0fan al costat del Centre Social, que guanya una zona de m\u00e9s de 600 metres quadrats a l&#8217;aire lliure en el qual es podran desenvolupar les diferents activitats que es realitzen en la pedania&#8221;, ha assenyalat el regidor de Manteniment.<\/p>\n<p><span class=\"hiddenSpellError\">H\u00e9ctor<\/span> <span class=\"hiddenSpellError\">D\u00edez<\/span> ha assenyalat que \u00e9s una obra que ha costat al voltant de 10.000 euros. &#8220;Amb aquesta actuaci\u00f3 l&#8217;Ajuntament intenta donar resposta a aquelles reivindicacions que ens arriben des de les diferents pedanies del Camp d&#8217;Elx&#8221;, ha expressat <span class=\"hiddenSpellError\">D\u00edez<\/span>.<\/p>\n<p>Des de la regidoria de Manteniment, aquesta mateixa setmana s&#8217;ha passat ja a la licitaci\u00f3 el projecte d&#8217;asfaltat tant de carrers com de camins per a l&#8217;any 2018. &#8220;Aquest projecte compta amb un pressupost de 770.000 euros, repartits entre Manteniment, Pressupostos Participatius i Pla de Pedanies, que es va acordar en els pressupostos municipals de 2018 amb els diferents grups pol\u00edtics que el van <span class=\"hiddenGrammarError\">recolzar &#8220;<\/span>, ha explicat <span class=\"hiddenSpellError\">H\u00e9ctor<\/span> <span class=\"hiddenSpellError\">D\u00edez<\/span>, qui ha afegit que \u00e9s el pressupost m\u00e9s gran que es dedica per a aquest fi des de l&#8217;inici de la crisi.<\/p>\n<p>&nbsp;<\/p>\n","protected":false},"excerpt":{"rendered":"<p>El regidor d&#8217;Ocupaci\u00f3, H\u00e9ctor D\u00edez, ha explicat que aquesta setmana s&#8217;ha passat a licitaci\u00f3 el projecte d&#8217;asfaltat de carrers i camins del Camp d&#8217;Elx &nbsp; El regidor de Manteniment, H\u00e9ctor [&hellip;]<\/p>\n","protected":false},"author":131,"featured_media":55784,"comment_status":"closed","ping_status":"closed","sticky":false,"template":"","format":"standard","meta":{"footnotes":""},"categories":[680],"tags":[],"class_list":["post-55801","post","type-post","status-publish","format-standard","has-post-thumbnail","hentry","category-mantenimiento-va"],"_links":{"self":[{"href":"https:\/\/www.elche.es\/va\/wp-json\/wp\/v2\/posts\/55801","targetHints":{"allow":["GET"]}}],"collection":[{"href":"https:\/\/www.elche.es\/va\/wp-json\/wp\/v2\/posts"}],"about":[{"href":"https:\/\/www.elche.es\/va\/wp-json\/wp\/v2\/types\/post"}],"author":[{"embeddable":true,"href":"https:\/\/www.elche.es\/va\/wp-json\/wp\/v2\/users\/131"}],"replies":[{"embeddable":true,"href":"https:\/\/www.elche.es\/va\/wp-json\/wp\/v2\/comments?post=55801"}],"version-history":[{"count":0,"href":"https:\/\/www.elche.es\/va\/wp-json\/wp\/v2\/posts\/55801\/revisions"}],"wp:featuredmedia":[{"embeddable":true,"href":"https:\/\/www.elche.es\/va\/wp-json\/wp\/v2\/media\/55784"}],"wp:attachment":[{"href":"https:\/\/www.elche.es\/va\/wp-json\/wp\/v2\/media?parent=55801"}],"wp:term":[{"taxonomy":"category","embeddable":true,"href":"https:\/\/www.elche.es\/va\/wp-json\/wp\/v2\/categories?post=55801"},{"taxonomy":"post_tag","embeddable":true,"href":"https:\/\/www.elche.es\/va\/wp-json\/wp\/v2\/tags?post=55801"}],"curies":[{"name":"wp","href":"https:\/\/api.w.org\/{rel}","templated":true}]}}