{"id":55868,"date":"2018-04-12T08:12:57","date_gmt":"2018-04-12T07:12:57","guid":{"rendered":"http:\/\/www.elche.es\/va\/2018\/04\/la-omac-de-la-marina-vuelve-a-abrir-todos-los-lunes-a-partir-del-16-de-abril-de-2018\/"},"modified":"2018-04-12T08:45:16","modified_gmt":"2018-04-12T07:45:16","slug":"la-omac-de-la-marina-vuelve-a-abrir-todos-los-lunes-a-partir-del-16-de-abril-de-2018","status":"publish","type":"post","link":"https:\/\/www.elche.es\/va\/2018\/04\/la-omac-de-la-marina-vuelve-a-abrir-todos-los-lunes-a-partir-del-16-de-abril-de-2018\/","title":{"rendered":"L&#8217;OMAC de la Marina torna a obrir TOTS ELS DILLUNS a partir del 16 d&#8217;abril de 2018"},"content":{"rendered":"<p style=\"text-align: justify\">A partir del PR\u00d2XIM DILLUNS 16 D&#8217;ABRIL l&#8217;<span class=\"hiddenSpellError\">OMAC<\/span> de la MARINA comen\u00e7a el seu horari setmanal, \u00e9s a dir, a m\u00e9s de la RESTA DE DIES DE LA SETMANA, OBRIR\u00c0 TOTS ELS DILLUNS (no festius) fins a la segona quinzena de setembre 2018.<\/p>\n","protected":false},"excerpt":{"rendered":"<p>A partir del PR\u00d2XIM DILLUNS 16 D&#8217;ABRIL l&#8217;OMAC de la MARINA comen\u00e7a el seu horari setmanal, \u00e9s a dir, a m\u00e9s de la RESTA DE DIES DE LA SETMANA, OBRIR\u00c0 [&hellip;]<\/p>\n","protected":false},"author":19,"featured_media":16586,"comment_status":"closed","ping_status":"closed","sticky":false,"template":"","format":"standard","meta":{"footnotes":""},"categories":[205,208],"tags":[],"class_list":["post-55868","post","type-post","status-publish","format-standard","has-post-thumbnail","hentry","category-omac-2-va","category-participacio-ciutadana-va"],"_links":{"self":[{"href":"https:\/\/www.elche.es\/va\/wp-json\/wp\/v2\/posts\/55868","targetHints":{"allow":["GET"]}}],"collection":[{"href":"https:\/\/www.elche.es\/va\/wp-json\/wp\/v2\/posts"}],"about":[{"href":"https:\/\/www.elche.es\/va\/wp-json\/wp\/v2\/types\/post"}],"author":[{"embeddable":true,"href":"https:\/\/www.elche.es\/va\/wp-json\/wp\/v2\/users\/19"}],"replies":[{"embeddable":true,"href":"https:\/\/www.elche.es\/va\/wp-json\/wp\/v2\/comments?post=55868"}],"version-history":[{"count":0,"href":"https:\/\/www.elche.es\/va\/wp-json\/wp\/v2\/posts\/55868\/revisions"}],"wp:featuredmedia":[{"embeddable":true,"href":"https:\/\/www.elche.es\/va\/wp-json\/wp\/v2\/media\/16586"}],"wp:attachment":[{"href":"https:\/\/www.elche.es\/va\/wp-json\/wp\/v2\/media?parent=55868"}],"wp:term":[{"taxonomy":"category","embeddable":true,"href":"https:\/\/www.elche.es\/va\/wp-json\/wp\/v2\/categories?post=55868"},{"taxonomy":"post_tag","embeddable":true,"href":"https:\/\/www.elche.es\/va\/wp-json\/wp\/v2\/tags?post=55868"}],"curies":[{"name":"wp","href":"https:\/\/api.w.org\/{rel}","templated":true}]}}