{"id":55923,"date":"2018-04-12T09:25:52","date_gmt":"2018-04-12T08:25:52","guid":{"rendered":"http:\/\/www.elche.es\/va\/2018\/04\/incendio-en-huerto-de-palmeras-en-las-cercanias-de-el-hondo\/"},"modified":"2018-04-12T11:44:21","modified_gmt":"2018-04-12T10:44:21","slug":"incendio-en-huerto-de-palmeras-en-las-cercanias-de-el-hondo","status":"publish","type":"post","link":"https:\/\/www.elche.es\/va\/2018\/04\/incendio-en-huerto-de-palmeras-en-las-cercanias-de-el-hondo\/","title":{"rendered":"Incendi en hort de palmeres en la rodalia del Fondo"},"content":{"rendered":"<blockquote>\n<p style=\"text-align: justify\">El fort vent i l&#8217;hora del dia va complicar l&#8217;actuaci\u00f3 dels Bombers que van haver de treballar durant la nit per a refrescar la zona al costat de les Brigades Forestals despla\u00e7ades.<\/p>\n<p>La foscor i el dens fum va afectar la <span class=\"hiddenSpellError\">CV861<\/span> que va haver de ser tallada amb un primer suport de les policies locals de <span class=\"hiddenGrammarError\">Dolors<\/span> i Catral.<\/p><\/blockquote>\n<p>&nbsp;<\/p>\n<p style=\"text-align: justify\">El dia 12 d&#8217;abril al voltant de les 00.30 hores un ve\u00ed de l&#8217;entorn del parc natural del Fondo va advertir al 112 sobre una resplendor en els seus voltants que va identificar com un incendi.<\/p>\n<p style=\"text-align: justify\">Despla\u00e7ats al lloc patrulles de la Policia Local van confirmar aquest extrem, situat en un hort proper, van observar que centenars de palmeres havien sigut ja calcinades pel foc, que es propagava ajudat per la for\u00e7a del vent en aquest moment. Malgrat el risc que afectara el parc natural, els Bombers d&#8217;Elx, recolzats per dotacions de Crevillent i Almorad\u00ed van aconseguir controlar-ho. S&#8217;ha hagut de refrescar la zona durant tota la nit, havent-se despla\u00e7at al lloc Brigades Forestals per a ajudar en aquesta tasca.<\/p>\n<p style=\"text-align: justify\">La densitat del fum i la foscor va fer impracticable la circulaci\u00f3 per la <span class=\"hiddenSpellError\">CV861<\/span>, que va haver de ser tallada al tr\u00e0nsit, amb el suport de les properes patrulles de Dolors i Catral, fins a l&#8217;arribada de refor\u00e7 del nucli urb\u00e0 il\u00b7licit\u00e0.<\/p>\n<p style=\"text-align: justify\">Est\u00e0 en curs la localitzaci\u00f3 del propietari del terreny i s&#8217;investigar\u00e0 igualment l&#8217;origen d&#8217;incident.<\/p>\n<p>&nbsp;<\/p>\n","protected":false},"excerpt":{"rendered":"<p>El fort vent i l&#8217;hora del dia va complicar l&#8217;actuaci\u00f3 dels Bombers que van haver de treballar durant la nit per a refrescar la zona al costat de les Brigades [&hellip;]<\/p>\n","protected":false},"author":77,"featured_media":55908,"comment_status":"closed","ping_status":"closed","sticky":false,"template":"","format":"standard","meta":{"footnotes":""},"categories":[238],"tags":[],"class_list":["post-55923","post","type-post","status-publish","format-standard","has-post-thumbnail","hentry","category-policia-local-va"],"_links":{"self":[{"href":"https:\/\/www.elche.es\/va\/wp-json\/wp\/v2\/posts\/55923","targetHints":{"allow":["GET"]}}],"collection":[{"href":"https:\/\/www.elche.es\/va\/wp-json\/wp\/v2\/posts"}],"about":[{"href":"https:\/\/www.elche.es\/va\/wp-json\/wp\/v2\/types\/post"}],"author":[{"embeddable":true,"href":"https:\/\/www.elche.es\/va\/wp-json\/wp\/v2\/users\/77"}],"replies":[{"embeddable":true,"href":"https:\/\/www.elche.es\/va\/wp-json\/wp\/v2\/comments?post=55923"}],"version-history":[{"count":0,"href":"https:\/\/www.elche.es\/va\/wp-json\/wp\/v2\/posts\/55923\/revisions"}],"wp:featuredmedia":[{"embeddable":true,"href":"https:\/\/www.elche.es\/va\/wp-json\/wp\/v2\/media\/55908"}],"wp:attachment":[{"href":"https:\/\/www.elche.es\/va\/wp-json\/wp\/v2\/media?parent=55923"}],"wp:term":[{"taxonomy":"category","embeddable":true,"href":"https:\/\/www.elche.es\/va\/wp-json\/wp\/v2\/categories?post=55923"},{"taxonomy":"post_tag","embeddable":true,"href":"https:\/\/www.elche.es\/va\/wp-json\/wp\/v2\/tags?post=55923"}],"curies":[{"name":"wp","href":"https:\/\/api.w.org\/{rel}","templated":true}]}}