{"id":55939,"date":"2018-04-12T13:02:06","date_gmt":"2018-04-12T12:02:06","guid":{"rendered":"http:\/\/www.elche.es\/va\/2018\/04\/el-alcalde-y-la-edil-de-comunicacion-inauguran-el-congreso-por-la-libertad-de-expresion\/"},"modified":"2018-04-12T13:15:22","modified_gmt":"2018-04-12T12:15:22","slug":"el-alcalde-y-la-edil-de-comunicacion-inauguran-el-congreso-por-la-libertad-de-expresion","status":"publish","type":"post","link":"https:\/\/www.elche.es\/va\/2018\/04\/el-alcalde-y-la-edil-de-comunicacion-inauguran-el-congreso-por-la-libertad-de-expresion\/","title":{"rendered":"L&#8217;alcalde i la regidora de Comunicaci\u00f3 inauguren el Congr\u00e9s per la Llibertat d&#8217;Expressi\u00f3"},"content":{"rendered":"<blockquote>\n<p style=\"text-align: justify\">L&#8217;acte s&#8217;ha desenvolupat en el Centre de Congressos Ciutat d\u2019Elx i ha tingut com a ponent, entre uns altres, al periodista de la revista Mongolia Pere Rusi\u00f1ol<\/p>\n<\/blockquote>\n<p>&nbsp;<\/p>\n<p style=\"text-align: justify\">L&#8217;alcalde, <span class=\"hiddenSpellError\">Carlos<\/span> Gonz\u00e1lez, juntament amb la regidora de Comunicaci\u00f3, <span class=\"hiddenSpellError\">Esther<\/span> <span class=\"hiddenSpellError\">D\u00edez<\/span>, han inaugurat el Congr\u00e9s per la Llibertat d&#8217;Expressi\u00f3 que se celebra en el Centre de Congressos Ciutat d&#8217;Elx.<\/p>\n<p style=\"text-align: justify\">&#8220;Aquest congr\u00e9s \u00e9s molt necessari perqu\u00e8 la llibertat d&#8217;expressi\u00f3 \u00e9s b\u00e0sica perqu\u00e8 la democr\u00e0cia tinga sentit&#8221;, ha assenyalat l&#8217;alcalde, qui ha afegit que &#8220;travessem per una conjuntura pol\u00edtica on la llibertat d&#8217;expressi\u00f3 \u00e9s un element social per a control pol\u00edtic i per aix\u00f2 s&#8217;estan establint l\u00edmits que estan estrenyent aquest dret&#8221;.<\/p>\n<p style=\"text-align: justify\">Tant l&#8217;alcalde com <span class=\"hiddenSpellError\">Esther<\/span> <span class=\"hiddenSpellError\">D\u00edez<\/span> s&#8217;han referit a l&#8217;\u00faltim informe d&#8217;Amnistia Internacional de l&#8217;any 2017 on es parla de les reculades que ha patit la llibertat d&#8217;expressi\u00f3 a Espanya. &#8220;\u00c9s necessari que els municipis ens convertim en garants d&#8217;espais per al pensament lliure i cr\u00edtic davant la restricci\u00f3 de llibertat d&#8217;expressi\u00f3 que s&#8217;est\u00e0 vivint a Espanya&#8221;, ha assenyalat la regidora de Comunicaci\u00f3, <span class=\"hiddenSpellError\">Esther<\/span> <span class=\"hiddenSpellError\">D\u00edez<\/span>.<\/p>\n<p style=\"text-align: justify\">Durant la jornada s&#8217;han portat nombroses taules redones que han acollit ponents de tot tipus, des d&#8217;artistes fins a periodistes. Aix\u00ed mateix, ha destacat, entre altres, la pres\u00e8ncia del periodista de la revista <span class=\"hiddenSpellError\">Mongolia<\/span> Pere <span class=\"hiddenSpellError\">Rusi\u00f1ol<\/span> el mitj\u00e0 del qual ha viscut en primera persona la censura de la llibertat d&#8217;expressi\u00f3.<\/p>\n<p style=\"text-align: justify\">L&#8217;entrada al congr\u00e9s \u00e9s gratu\u00efta i es desenvolupar\u00e0 fins a les 20.30\u00a0hores. Ha sigut organitzat per l&#8217;Ajuntament d&#8217;Elx juntament amb Cercavila i l&#8217;Escola de Rock de la Universitat <span class=\"hiddenSpellError\">Miguel<\/span> Hern\u00e1ndez.<\/p>\n<p style=\"text-align: justify\">La regidora de Relacions Institucionals, Mireia Moll\u00e0, presenta aquesta vesprada a partir de les 19 hores la confer\u00e8ncia de Joaquim Bosch, portaveu territorial de Jutges i Jutgesses per a la Democr\u00e0cia a la Comunitat Valenciana.<\/p>\n<p>&nbsp;<\/p>\n","protected":false},"excerpt":{"rendered":"<p>L&#8217;acte s&#8217;ha desenvolupat en el Centre de Congressos Ciutat d\u2019Elx i ha tingut com a ponent, entre uns altres, al periodista de la revista Mongolia Pere Rusi\u00f1ol &nbsp; L&#8217;alcalde, Carlos [&hellip;]<\/p>\n","protected":false},"author":131,"featured_media":55936,"comment_status":"closed","ping_status":"closed","sticky":false,"template":"","format":"standard","meta":{"footnotes":""},"categories":[572],"tags":[],"class_list":["post-55939","post","type-post","status-publish","format-standard","has-post-thumbnail","hentry","category-comunicacio"],"_links":{"self":[{"href":"https:\/\/www.elche.es\/va\/wp-json\/wp\/v2\/posts\/55939","targetHints":{"allow":["GET"]}}],"collection":[{"href":"https:\/\/www.elche.es\/va\/wp-json\/wp\/v2\/posts"}],"about":[{"href":"https:\/\/www.elche.es\/va\/wp-json\/wp\/v2\/types\/post"}],"author":[{"embeddable":true,"href":"https:\/\/www.elche.es\/va\/wp-json\/wp\/v2\/users\/131"}],"replies":[{"embeddable":true,"href":"https:\/\/www.elche.es\/va\/wp-json\/wp\/v2\/comments?post=55939"}],"version-history":[{"count":0,"href":"https:\/\/www.elche.es\/va\/wp-json\/wp\/v2\/posts\/55939\/revisions"}],"wp:featuredmedia":[{"embeddable":true,"href":"https:\/\/www.elche.es\/va\/wp-json\/wp\/v2\/media\/55936"}],"wp:attachment":[{"href":"https:\/\/www.elche.es\/va\/wp-json\/wp\/v2\/media?parent=55939"}],"wp:term":[{"taxonomy":"category","embeddable":true,"href":"https:\/\/www.elche.es\/va\/wp-json\/wp\/v2\/categories?post=55939"},{"taxonomy":"post_tag","embeddable":true,"href":"https:\/\/www.elche.es\/va\/wp-json\/wp\/v2\/tags?post=55939"}],"curies":[{"name":"wp","href":"https:\/\/api.w.org\/{rel}","templated":true}]}}