{"id":55967,"date":"2018-04-12T13:17:05","date_gmt":"2018-04-12T12:17:05","guid":{"rendered":"http:\/\/www.elche.es\/va\/2018\/04\/el-ayuntamiento-incorpora-nueve-vehiculos-de-limpieza-de-ultima-generacion-para-mejorar-el-servicio\/"},"modified":"2018-04-12T13:41:10","modified_gmt":"2018-04-12T12:41:10","slug":"el-ayuntamiento-incorpora-nueve-vehiculos-de-limpieza-de-ultima-generacion-para-mejorar-el-servicio","status":"publish","type":"post","link":"https:\/\/www.elche.es\/va\/2018\/04\/el-ayuntamiento-incorpora-nueve-vehiculos-de-limpieza-de-ultima-generacion-para-mejorar-el-servicio\/","title":{"rendered":"L&#8217;Ajuntament incorpora nou vehicles de neteja d&#8217;\u00faltima generaci\u00f3 per a millorar el servei"},"content":{"rendered":"<blockquote><p>L&#8217;alcalde, <span class=\"hiddenSpellError\">Carlos<\/span> Gonz\u00e1lez, presenta les noves m\u00e0quines que permetran intensificar la neteja en barris i pedanies<br \/>\nA aquesta inversi\u00f3 de 700.000 euros se sumen 150 nous contenidors per al Camp d&#8217;Elx i la reparaci\u00f3 de 350 <span class=\"hiddenGrammarError\">m\u00e9s<\/span><\/p><\/blockquote>\n<p style=\"text-align: justify\">L&#8217;alcalde, <span class=\"hiddenSpellError\">Carlos<\/span> Gonz\u00e1lez, i el regidor de Neteja, <span class=\"hiddenSpellError\">H\u00e9ctor<\/span> <span class=\"hiddenSpellError\">D\u00edez<\/span>, han presentat la incorporaci\u00f3 al servei municipal de neteja de nou nous vehicles dels quals cinc s\u00f3n totalment el\u00e8ctrics i els altres 4 disposen de motors d&#8217;\u00faltima generaci\u00f3 que garanteixen baixes emissions de gasos i sonores.<\/p>\n<p style=\"text-align: justify\">Tal com ha explicat Gonz\u00e1lez, &#8220;presentem una s\u00e8rie de millores importants en mat\u00e8ria d&#8217;equips que s&#8217;incorporen al servei de neteja. Per a aquest equip de govern la neteja p\u00fablica \u00e9s una prioritat i per aix\u00f2 hem treballat a adoptar decisions que han tingut el seu reflex en mesures organitzatives que han contribu\u00eft a millorar de forma notable el servei de neteja en la ciutat. En 2018, el servei de neteja \u00e9s millor que el que vam heretar quan vam arribar al govern en 2015&#8221;.<\/p>\n<p style=\"text-align: justify\">L&#8217;alcalde ha assenyalat que la incorporaci\u00f3 d&#8217;aquests equips culmina aquest proc\u00e9s de millora del servei de neteja i ha afegit que &#8220;aquesta actuaci\u00f3 suposa una inversi\u00f3 de prop de 700.000 euros, dels quals uns 600.000 s\u00f3n aportaci\u00f3 municipal i 90.000 millores oferides per l&#8217;empresa&#8221;.<\/p>\n<p style=\"text-align: justify\">Els nous equips que s&#8217;incorporen a barris i pedanies permetran intensificar la neteja en via p\u00fablica. &#8220;Juntament amb <span class=\"hiddenSpellError\">aquetts<\/span> nou vehicles nous cal destacar altres mesures com la incorporaci\u00f3 de 150 contenidors nous i al mateix temps comen\u00e7arem la reparaci\u00f3 de 350 contenidors met\u00e0l\u00b7lics situats fonamentalment en pedanies. Una altra millora \u00e9s l&#8217;adquisici\u00f3 de 2.500 amortidors que ens serviran per a anar reparant contenidors que presenten defici\u00e8ncies&#8221;, ha assenyalat el primer regidor.<\/p>\n<p style=\"text-align: justify\">Els nous equips de neteja a vapor es destinaran a l&#8217;arruixada de zones dotades de paviment por\u00f3s ennegrit pel pas del temps, com granit i marbre, en el centre, eixos comercials, places de les pedanies o passeig mar\u00edtim d&#8217;Arenals.<\/p>\n<p style=\"text-align: justify\">Tant l&#8217;agranadora de 4 m\u00b3 com els tres vehicles auxiliars estan dotats de perxes per a l&#8217;arruixada que combinen l&#8217;\u00fas d&#8217;aigua amb aire a pressi\u00f3 que proporciona un estalvi dels consums.<\/p>\n<p style=\"text-align: justify\">En general, la grand\u00e0ria xicoteta\/mitj\u00e0 dels nou nous vehicles permet que puguen accedir sense problemes a qualsevol carrer o pla\u00e7a d&#8217;Elx.<\/p>\n<p>&nbsp;<\/p>\n","protected":false},"excerpt":{"rendered":"<p>L&#8217;alcalde, Carlos Gonz\u00e1lez, presenta les noves m\u00e0quines que permetran intensificar la neteja en barris i pedanies A aquesta inversi\u00f3 de 700.000 euros se sumen 150 nous contenidors per al Camp [&hellip;]<\/p>\n","protected":false},"author":131,"featured_media":55956,"comment_status":"closed","ping_status":"closed","sticky":false,"template":"","format":"standard","meta":{"footnotes":""},"categories":[391,680],"tags":[],"class_list":["post-55967","post","type-post","status-publish","format-standard","has-post-thumbnail","hentry","category-home-va","category-mantenimiento-va"],"_links":{"self":[{"href":"https:\/\/www.elche.es\/va\/wp-json\/wp\/v2\/posts\/55967","targetHints":{"allow":["GET"]}}],"collection":[{"href":"https:\/\/www.elche.es\/va\/wp-json\/wp\/v2\/posts"}],"about":[{"href":"https:\/\/www.elche.es\/va\/wp-json\/wp\/v2\/types\/post"}],"author":[{"embeddable":true,"href":"https:\/\/www.elche.es\/va\/wp-json\/wp\/v2\/users\/131"}],"replies":[{"embeddable":true,"href":"https:\/\/www.elche.es\/va\/wp-json\/wp\/v2\/comments?post=55967"}],"version-history":[{"count":0,"href":"https:\/\/www.elche.es\/va\/wp-json\/wp\/v2\/posts\/55967\/revisions"}],"wp:featuredmedia":[{"embeddable":true,"href":"https:\/\/www.elche.es\/va\/wp-json\/wp\/v2\/media\/55956"}],"wp:attachment":[{"href":"https:\/\/www.elche.es\/va\/wp-json\/wp\/v2\/media?parent=55967"}],"wp:term":[{"taxonomy":"category","embeddable":true,"href":"https:\/\/www.elche.es\/va\/wp-json\/wp\/v2\/categories?post=55967"},{"taxonomy":"post_tag","embeddable":true,"href":"https:\/\/www.elche.es\/va\/wp-json\/wp\/v2\/tags?post=55967"}],"curies":[{"name":"wp","href":"https:\/\/api.w.org\/{rel}","templated":true}]}}