{"id":56023,"date":"2018-04-13T08:42:25","date_gmt":"2018-04-13T07:42:25","guid":{"rendered":"http:\/\/www.elche.es\/va\/2018\/04\/mireia-molla-presenta-la-conferencia-de-joaquim-bosch-dentro-del-congreso-por-la-libertad-de-expresion\/"},"modified":"2018-04-13T09:27:17","modified_gmt":"2018-04-13T08:27:17","slug":"mireia-molla-presenta-la-conferencia-de-joaquim-bosch-dentro-del-congreso-por-la-libertad-de-expresion","status":"publish","type":"post","link":"https:\/\/www.elche.es\/va\/2018\/04\/mireia-molla-presenta-la-conferencia-de-joaquim-bosch-dentro-del-congreso-por-la-libertad-de-expresion\/","title":{"rendered":"Mireia Moll\u00e0 presenta la confer\u00e8ncia de Joaquim Bosch dins del Congr\u00e9s per la Llibertat d&#8217;Expressi\u00f3"},"content":{"rendered":"<blockquote>\n<p style=\"text-align: justify\">Joaquim Bosch clausura la jornada explicant alguns dels casos judicials en els quals s&#8217;ha pret\u00e8s coaccionar la llibertat d&#8217;expressi\u00f3<\/p>\n<\/blockquote>\n<p>&nbsp;<\/p>\n<p style=\"text-align: justify\">La regidora de Relacions Institucionals, Mireia Moll\u00e0, va presentar la confer\u00e8ncia de Joaquim Bosch, portaveu territorial de Jutges i Jutgesses per a la Democr\u00e0cia a la Comunitat Valenciana, dins del Congr\u00e9s per la Llibertat d&#8217;Expressi\u00f3 que va tenir lloc en el Centre de Congressos Ciutat d&#8217;Elx.<\/p>\n<p style=\"text-align: justify\">&#8220;Aquesta trobada el que pret\u00e9n \u00e9s reivindicar que tots puguem parlar i no solament uns quants&#8221;, va assenyalar la regidora, qui va explicar que ella ha viscut en primera persona el que significa que alg\u00fa intente coaccionar la llibertat d&#8217;expressi\u00f3. &#8220;Jo pertanc al club de les absoltes, vaig ser denunciada per <span class=\"hiddenSpellError\">Enrique<\/span> Ortiz, per dir que estava impregnat de corrupci\u00f3&#8221;, va explicar Moll\u00e0, qui va afegir que va ser absolta pel jutge en considerar que el seu dret a la llibertat d&#8217;expressi\u00f3 estava per damunt, per\u00f2 que no tots tenen la mateixa sort que ella.<\/p>\n<p style=\"text-align: justify\">Joaquim Bosch va ser l&#8217;encarregat de clausurar les esmentades jornades explicant alguns dels casos judicials en els quals s&#8217;ha pret\u00e9s coaccionar la llibertat d&#8217;expressi\u00f3.<\/p>\n<p style=\"text-align: justify\">Durant tot el dia i a trav\u00e9s de diferents taules redones, van participar en les jornades <span class=\"hiddenGrammarError\">tant<\/span> artistes, com la cantant de rap il\u00b7licitana <span class=\"hiddenSpellError\">Hakuna<\/span> <span class=\"hiddenSpellError\">Tanaka<\/span> o el periodista de la revista Mongolia Pere <span class=\"hiddenSpellError\">Rusi\u00f1ol<\/span>.<\/p>\n<p style=\"text-align: justify\">El Congr\u00e9s ha sigut organitzat per l&#8217;Ajuntament d&#8217;Elx juntament amb Cercavila i l&#8217;Escola de Rock de la Universitat <span class=\"hiddenSpellError\">Miguel<\/span> Hern\u00e1ndez.<\/p>\n<p>&nbsp;<\/p>\n","protected":false},"excerpt":{"rendered":"<p>Joaquim Bosch clausura la jornada explicant alguns dels casos judicials en els quals s&#8217;ha pret\u00e8s coaccionar la llibertat d&#8217;expressi\u00f3 &nbsp; La regidora de Relacions Institucionals, Mireia Moll\u00e0, va presentar la [&hellip;]<\/p>\n","protected":false},"author":131,"featured_media":56008,"comment_status":"closed","ping_status":"closed","sticky":false,"template":"","format":"standard","meta":{"footnotes":""},"categories":[572,590],"tags":[],"class_list":["post-56023","post","type-post","status-publish","format-standard","has-post-thumbnail","hentry","category-comunicacio","category-representacio-insitucional"],"_links":{"self":[{"href":"https:\/\/www.elche.es\/va\/wp-json\/wp\/v2\/posts\/56023","targetHints":{"allow":["GET"]}}],"collection":[{"href":"https:\/\/www.elche.es\/va\/wp-json\/wp\/v2\/posts"}],"about":[{"href":"https:\/\/www.elche.es\/va\/wp-json\/wp\/v2\/types\/post"}],"author":[{"embeddable":true,"href":"https:\/\/www.elche.es\/va\/wp-json\/wp\/v2\/users\/131"}],"replies":[{"embeddable":true,"href":"https:\/\/www.elche.es\/va\/wp-json\/wp\/v2\/comments?post=56023"}],"version-history":[{"count":0,"href":"https:\/\/www.elche.es\/va\/wp-json\/wp\/v2\/posts\/56023\/revisions"}],"wp:featuredmedia":[{"embeddable":true,"href":"https:\/\/www.elche.es\/va\/wp-json\/wp\/v2\/media\/56008"}],"wp:attachment":[{"href":"https:\/\/www.elche.es\/va\/wp-json\/wp\/v2\/media?parent=56023"}],"wp:term":[{"taxonomy":"category","embeddable":true,"href":"https:\/\/www.elche.es\/va\/wp-json\/wp\/v2\/categories?post=56023"},{"taxonomy":"post_tag","embeddable":true,"href":"https:\/\/www.elche.es\/va\/wp-json\/wp\/v2\/tags?post=56023"}],"curies":[{"name":"wp","href":"https:\/\/api.w.org\/{rel}","templated":true}]}}