{"id":56104,"date":"2018-04-16T08:19:02","date_gmt":"2018-04-16T07:19:02","guid":{"rendered":"http:\/\/www.elche.es\/va\/?p=56104"},"modified":"2018-04-16T11:24:48","modified_gmt":"2018-04-16T10:24:48","slug":"informe-icomos","status":"publish","type":"post","link":"https:\/\/www.elche.es\/va\/2018\/04\/informe-icomos\/","title":{"rendered":"Informe ICOMOS"},"content":{"rendered":"<p>Informe elaborat davant la petici\u00f3 d&#8217;informaci\u00f3 d&#8217;ICOMOS, Consell Internacional dels Monuments i Llocs Hist\u00f2rics, sobre les possibles afeccions al\u00a0Misteri\u00a0d&#8217;Elx i al palmerar hist\u00f2ric del projecte de construcci\u00f3 i explotaci\u00f3 del nou mercat central d&#8217;Elx i el seu aparcament.<\/p>\n<p><a href=\"https:\/\/goo.gl\/AZJjXt\">Enlla\u00e7 a l&#8217;informe.<\/a><\/p>\n","protected":false},"excerpt":{"rendered":"<p>Informe elaborat davant la petici\u00f3 d&#8217;informaci\u00f3 d&#8217;ICOMOS, Consell Internacional dels Monuments i Llocs Hist\u00f2rics, sobre les possibles afeccions al\u00a0Misteri\u00a0d&#8217;Elx i al palmerar hist\u00f2ric del projecte de construcci\u00f3 i explotaci\u00f3 del [&hellip;]<\/p>\n","protected":false},"author":9,"featured_media":22489,"comment_status":"closed","ping_status":"closed","sticky":false,"template":"","format":"standard","meta":{"footnotes":""},"categories":[301,210],"tags":[],"class_list":["post-56104","post","type-post","status-publish","format-standard","has-post-thumbnail","hentry","category-transparencia-va","category-urbanisme-va"],"_links":{"self":[{"href":"https:\/\/www.elche.es\/va\/wp-json\/wp\/v2\/posts\/56104","targetHints":{"allow":["GET"]}}],"collection":[{"href":"https:\/\/www.elche.es\/va\/wp-json\/wp\/v2\/posts"}],"about":[{"href":"https:\/\/www.elche.es\/va\/wp-json\/wp\/v2\/types\/post"}],"author":[{"embeddable":true,"href":"https:\/\/www.elche.es\/va\/wp-json\/wp\/v2\/users\/9"}],"replies":[{"embeddable":true,"href":"https:\/\/www.elche.es\/va\/wp-json\/wp\/v2\/comments?post=56104"}],"version-history":[{"count":0,"href":"https:\/\/www.elche.es\/va\/wp-json\/wp\/v2\/posts\/56104\/revisions"}],"wp:featuredmedia":[{"embeddable":true,"href":"https:\/\/www.elche.es\/va\/wp-json\/wp\/v2\/media\/22489"}],"wp:attachment":[{"href":"https:\/\/www.elche.es\/va\/wp-json\/wp\/v2\/media?parent=56104"}],"wp:term":[{"taxonomy":"category","embeddable":true,"href":"https:\/\/www.elche.es\/va\/wp-json\/wp\/v2\/categories?post=56104"},{"taxonomy":"post_tag","embeddable":true,"href":"https:\/\/www.elche.es\/va\/wp-json\/wp\/v2\/tags?post=56104"}],"curies":[{"name":"wp","href":"https:\/\/api.w.org\/{rel}","templated":true}]}}