{"id":56158,"date":"2018-04-16T11:58:10","date_gmt":"2018-04-16T10:58:10","guid":{"rendered":"http:\/\/www.elche.es\/va\/2018\/04\/atresmedia-otorga-el-premio-ponle-freno-a-la-policia-local-de-elche-por-su-fomento-del-uso-de-la-bicicleta\/"},"modified":"2018-04-16T12:12:02","modified_gmt":"2018-04-16T11:12:02","slug":"atresmedia-otorga-el-premio-ponle-freno-a-la-policia-local-de-elche-por-su-fomento-del-uso-de-la-bicicleta","status":"publish","type":"post","link":"https:\/\/www.elche.es\/va\/2018\/04\/atresmedia-otorga-el-premio-ponle-freno-a-la-policia-local-de-elche-por-su-fomento-del-uso-de-la-bicicleta\/","title":{"rendered":"Atresmedia atorga el premi \u201cPosa-li fre\u201d a la Policia Local d&#8217;Elx pel seu foment de l&#8217;\u00fas de la bicicleta"},"content":{"rendered":"<blockquote>\n<p style=\"text-align: justify\">El guard\u00f3 al projecte &#8220;Junts Prevenim&#8221; reconeix aquestes iniciatives, accions o productes desenvolupats en 2017, dirigides a la formaci\u00f3, conscienciaci\u00f3, motivaci\u00f3 i difusi\u00f3 de la seguretat vi\u00e0ria entre xiquets i <span class=\"hiddenGrammarError\">joves<\/span><\/p>\n<\/blockquote>\n<p style=\"text-align: justify\">La regidora de Mobilitat, <span class=\"hiddenSpellError\">Esther<\/span> <span class=\"hiddenSpellError\">D\u00edez<\/span>, el regidor de Seguretat, Jos\u00e9 P\u00e9rez, i el cap de la Policia Local, <span class=\"hiddenSpellError\">C\u00e9sar<\/span> <span class=\"hiddenSpellError\">Zaragoza<\/span>, han presentat aquest mat\u00ed a l&#8217;alcalde el premi &#8220;Posa<span class=\"hiddenGrammarError\">-li<\/span> fre&#8221; atorgat per <span class=\"hiddenSpellError\">Atresmedia<\/span> a la Policia Local d&#8217;Elx pel seu projecte &#8220;Junts Prevenim&#8221;. Al costat d&#8217;aquests ha estat <span class=\"hiddenSpellError\">Julio<\/span> Fern\u00e1ndez, membre de la Unitat Ciclista de la Policia Local i coordinador d&#8217;aquesta iniciativa que s&#8217;ha desenvolupat en tots els centres de Secund\u00e0ria del municipi i amb la qual es persegueix fomentar l&#8217;\u00fas de la bicicleta.<\/p>\n<p style=\"text-align: justify\">El premi &#8216;Posa<span class=\"hiddenGrammarError\">-li<\/span> Fre Junior&#8217; reconeix aquestes iniciatives, accions o productes desenvolupats en 2017, dirigides a la formaci\u00f3, conscienciaci\u00f3, motivaci\u00f3 i difusi\u00f3 de la seguretat vi\u00e0ria entre xiquets i joves, entesa de forma gen\u00e8rica, tant en les seues conductes com a vianants, ciclistes, patinadors, etc., com del maneig responsable del vehicle.<\/p>\n<p style=\"text-align: justify\">&#8220;Estem ac\u00ed per a valorar un guard\u00f3 que \u00e9s molt important tant per a l&#8217;Ajuntament com per a tot el municipi d&#8217;Elx perqu\u00e8 reconeix aquesta labor en pro de la mobilitat sostenible i de l&#8217;educaci\u00f3 vi\u00e0ria&#8221;, ha assenyalat <span class=\"hiddenSpellError\">Esther<\/span> <span class=\"hiddenSpellError\">D\u00edez<\/span>, qui ha afegit que &#8220;aquest premi \u00e9s un refor\u00e7 important al foment de la mobilitat sostenible a trav\u00e9s de l&#8217;\u00fas de la bicicleta i d&#8217;altra banda pel treball entorn de la seguretat vi\u00e0ria i un canvi de consci\u00e8ncia que, sobretot, garantisca que hi haja coexist\u00e8ncia correcta de tots els usuaris de la via&#8221;.<\/p>\n<p style=\"text-align: justify\">A m\u00e9s, la regidora ha indicat que es tracta d&#8217;un pas m\u00e9s cap a la consecuci\u00f3 d&#8217;Elx capital verda 2030.<\/p>\n<p>&nbsp;<\/p>\n","protected":false},"excerpt":{"rendered":"<p>El guard\u00f3 al projecte &#8220;Junts Prevenim&#8221; reconeix aquestes iniciatives, accions o productes desenvolupats en 2017, dirigides a la formaci\u00f3, conscienciaci\u00f3, motivaci\u00f3 i difusi\u00f3 de la seguretat vi\u00e0ria entre xiquets i [&hellip;]<\/p>\n","protected":false},"author":131,"featured_media":56155,"comment_status":"closed","ping_status":"closed","sticky":false,"template":"","format":"standard","meta":{"footnotes":""},"categories":[217,238],"tags":[],"class_list":["post-56158","post","type-post","status-publish","format-standard","has-post-thumbnail","hentry","category-mobilitat","category-policia-local-va"],"_links":{"self":[{"href":"https:\/\/www.elche.es\/va\/wp-json\/wp\/v2\/posts\/56158","targetHints":{"allow":["GET"]}}],"collection":[{"href":"https:\/\/www.elche.es\/va\/wp-json\/wp\/v2\/posts"}],"about":[{"href":"https:\/\/www.elche.es\/va\/wp-json\/wp\/v2\/types\/post"}],"author":[{"embeddable":true,"href":"https:\/\/www.elche.es\/va\/wp-json\/wp\/v2\/users\/131"}],"replies":[{"embeddable":true,"href":"https:\/\/www.elche.es\/va\/wp-json\/wp\/v2\/comments?post=56158"}],"version-history":[{"count":0,"href":"https:\/\/www.elche.es\/va\/wp-json\/wp\/v2\/posts\/56158\/revisions"}],"wp:featuredmedia":[{"embeddable":true,"href":"https:\/\/www.elche.es\/va\/wp-json\/wp\/v2\/media\/56155"}],"wp:attachment":[{"href":"https:\/\/www.elche.es\/va\/wp-json\/wp\/v2\/media?parent=56158"}],"wp:term":[{"taxonomy":"category","embeddable":true,"href":"https:\/\/www.elche.es\/va\/wp-json\/wp\/v2\/categories?post=56158"},{"taxonomy":"post_tag","embeddable":true,"href":"https:\/\/www.elche.es\/va\/wp-json\/wp\/v2\/tags?post=56158"}],"curies":[{"name":"wp","href":"https:\/\/api.w.org\/{rel}","templated":true}]}}