{"id":56204,"date":"2018-04-16T13:05:41","date_gmt":"2018-04-16T12:05:41","guid":{"rendered":"http:\/\/www.elche.es\/va\/2018\/04\/el-ayuntamiento-presenta-las-actividades-que-se-van-a-realizar-con-motivo-del-dia-de-sant-jordi\/"},"modified":"2018-04-16T13:26:48","modified_gmt":"2018-04-16T12:26:48","slug":"el-ayuntamiento-presenta-las-actividades-que-se-van-a-realizar-con-motivo-del-dia-de-sant-jordi","status":"publish","type":"post","link":"https:\/\/www.elche.es\/va\/2018\/04\/el-ayuntamiento-presenta-las-actividades-que-se-van-a-realizar-con-motivo-del-dia-de-sant-jordi\/","title":{"rendered":"L&#8217;Ajuntament presenta les activitats que es realitzaran amb motiu del dia de Sant Jordi"},"content":{"rendered":"<blockquote>\n<p style=\"text-align: justify\">Elx se suma, una vegada m\u00e9s, al <span class=\"hiddenSpellError\">BookCrossing<\/span> alliberant per tota la ciutat prop de 600 llibres, perqu\u00e8 els usuaris els agafen, els lligen i els abandonen en un altre <span class=\"hiddenGrammarError\">punt<\/span><\/p>\n<\/blockquote>\n<p style=\"text-align: justify\">Els regidors de Cultura i Comer\u00e7, <span class=\"hiddenSpellError\">Patricia<\/span> Maci\u00e0 i <span class=\"hiddenSpellError\">H\u00e9ctor<\/span> <span class=\"hiddenSpellError\">D\u00edez<\/span>, respectivament, han presentat les activitats que es duran a terme amb motiu del dia de Sant Jordi, amb l&#8217;objectiu de seguir revitalitzant el centre hist\u00f2ric de la ciutat. Les activitats estan programades per al 21 d&#8217;abril, amb un mercat ambulant tem\u00e0tic en el qual les llibreries i floristeries m\u00e9s emblem\u00e0tiques d&#8217;Elx tindran pres\u00e8ncia, amb la intenci\u00f3 d&#8217;anar arrelant la tradici\u00f3 de regalar &#8220;la rosa i el llibre&#8221;.<br \/>\nLa III edici\u00f3 Sant Jordi Elx constitueix un esdeveniment ja consolidat que contribueix tamb\u00e9 a la dinamitzaci\u00f3 dels carrers de la zona, oferint als ciutadans una ocasi\u00f3 de gaudir de les diferents activitats l\u00fadiques i culturals, dirigides fonamentalment al p\u00fablic infantil i familiar entre les 11.00\u202fh i les 22.00 h.<br \/>\n&#8220;En aquesta ocasi\u00f3, els autors il\u00b7licitans tindran un major espai dins de la fira, i seran 24 els escriptors els que ens acompanyaran presentant i signant les seues obres i novetats&#8221;, ha explicat <span class=\"hiddenSpellError\">H\u00e9ctor<\/span> <span class=\"hiddenSpellError\">D\u00edez<\/span>.<br \/>\nEn relaci\u00f3 amb el Concurs de poesia infantil, dirigit a escolars de 2\u00b0 i 3\u00b0 de prim\u00e0ria, les seues bases estableixen que les obres hauran d&#8217;estar formades d&#8217;un m\u00e0xim de 4 versos i es presentaran en horari de mat\u00ed (de 10.00 h a 14.00 h) en l&#8217;estand de l&#8217;Associaci\u00f3 d&#8217;Escriptors en la seua Tinta que les valoraran per a decidir els guanyadors al millor poema, poema m\u00e9s original i poema m\u00e9s divertit. Els poemes poden estar redactats en castell\u00e0 o valenci\u00e0 indistintament.<br \/>\nEls guanyadors s&#8217;anunciaran una vegada acabe la programaci\u00f3 de l&#8217;esdeveniment, a les 20.00 h, cadascun dels premiats rebr\u00e0 un lot de llibres valorat en aproximadament 120\u202f\u20ac aportats per les llibreries participants.<\/p>\n<p><span class=\"hiddenSpellError\">BOOKCROSSING<\/span><\/p>\n<p style=\"text-align: justify\">La regidora de Cultura ha presentat l&#8217;activitat de <span class=\"hiddenSpellError\">BookCrossing<\/span>, una iniciativa que consisteix a abandonar llibres pel carrer, perqu\u00e8 una altra persona el trobe, el llige i l&#8217;abandone en un altre lloc diferent.<br \/>\n&#8220;Ho anem a fer juntament amb <span class=\"hiddenGrammarError\">les biblioteques<\/span> municipals el pr\u00f2xim 23 d&#8217;abril i l&#8217;objectiu \u00e9s convertir Elx en una gran biblioteca&#8221;, ha assenyalat Patr\u00edcia Maci\u00e0.<br \/>\nEn total, es repartiran per les places m\u00e9s importants de la ciutat i les pedanies. 600 llibres que ja estan repetits en les biblioteques.<\/p>\n<p>&nbsp;<\/p>\n","protected":false},"excerpt":{"rendered":"<p>Elx se suma, una vegada m\u00e9s, al BookCrossing alliberant per tota la ciutat prop de 600 llibres, perqu\u00e8 els usuaris els agafen, els lligen i els abandonen en un altre [&hellip;]<\/p>\n","protected":false},"author":131,"featured_media":56197,"comment_status":"closed","ping_status":"closed","sticky":false,"template":"","format":"standard","meta":{"footnotes":""},"categories":[193,391,183],"tags":[],"class_list":["post-56204","post","type-post","status-publish","format-standard","has-post-thumbnail","hentry","category-cultura-va","category-home-va","category-pomocio-economica"],"_links":{"self":[{"href":"https:\/\/www.elche.es\/va\/wp-json\/wp\/v2\/posts\/56204","targetHints":{"allow":["GET"]}}],"collection":[{"href":"https:\/\/www.elche.es\/va\/wp-json\/wp\/v2\/posts"}],"about":[{"href":"https:\/\/www.elche.es\/va\/wp-json\/wp\/v2\/types\/post"}],"author":[{"embeddable":true,"href":"https:\/\/www.elche.es\/va\/wp-json\/wp\/v2\/users\/131"}],"replies":[{"embeddable":true,"href":"https:\/\/www.elche.es\/va\/wp-json\/wp\/v2\/comments?post=56204"}],"version-history":[{"count":0,"href":"https:\/\/www.elche.es\/va\/wp-json\/wp\/v2\/posts\/56204\/revisions"}],"wp:featuredmedia":[{"embeddable":true,"href":"https:\/\/www.elche.es\/va\/wp-json\/wp\/v2\/media\/56197"}],"wp:attachment":[{"href":"https:\/\/www.elche.es\/va\/wp-json\/wp\/v2\/media?parent=56204"}],"wp:term":[{"taxonomy":"category","embeddable":true,"href":"https:\/\/www.elche.es\/va\/wp-json\/wp\/v2\/categories?post=56204"},{"taxonomy":"post_tag","embeddable":true,"href":"https:\/\/www.elche.es\/va\/wp-json\/wp\/v2\/tags?post=56204"}],"curies":[{"name":"wp","href":"https:\/\/api.w.org\/{rel}","templated":true}]}}