{"id":56226,"date":"2018-04-17T08:21:22","date_gmt":"2018-04-17T07:21:22","guid":{"rendered":"http:\/\/www.elche.es\/va\/2018\/04\/llega-el-primer-dia-del-elche-live-music-con-kuve-varry-brava-la-casa-azul-y-sidonie\/"},"modified":"2018-04-17T09:46:28","modified_gmt":"2018-04-17T08:46:28","slug":"llega-el-primer-dia-del-elche-live-music-con-kuve-varry-brava-la-casa-azul-y-sidonie","status":"publish","type":"post","link":"https:\/\/www.elche.es\/va\/2018\/04\/llega-el-primer-dia-del-elche-live-music-con-kuve-varry-brava-la-casa-azul-y-sidonie\/","title":{"rendered":"Arriba el primer dia de l&#8217;Elx Live Music amb Kuve, Varry Brava, La Casa Azul i Sidonie"},"content":{"rendered":"<blockquote>\n<p style=\"text-align: justify\">Elx rep aquesta setmana a grans grups del panorama indie, a partir de les 19 hores del divendres, en el centre de la ciutat<\/p>\n<\/blockquote>\n<p>&nbsp;<\/p>\n<p style=\"text-align: justify\"><em>La edad de la Ira,<\/em> i la Gala d&#8217;Abril en Dansa en el Gran Teatre, l&#8217;Elx <span class=\"hiddenSpellError\">Live<\/span> <span class=\"hiddenGreenError\">Music<\/span> Festival, el concert de <span class=\"hiddenSpellError\">Kokoschka<\/span> en L&#8217;Escorxador, filmoteca, exposicions, presentacions de llibres, coral i teatres en barris i pedanies, teatre infantil a La Llotja, L&#8217;Escorxador i La Tramoia i la celebraci\u00f3 de Sant Jordi aquesta setmana en l&#8217;agenda cultural il\u00b7licitana.<\/p>\n<p>El Gran Teatre il\u00b7licit\u00e0 compta amb dues representacions aquest cap de setmana. El divendres arriba <em>La edad de la Ira,<\/em> de <span class=\"hiddenSpellError\">Nando<\/span> L\u00f3pez, a les 11.00\u00a0hores per a centres escolars i a les 20.00\u00a0h per al p\u00fablic general, amb l&#8217;actuaci\u00f3 de la il\u00b7licitana Laura Montesinos en el paper de <span class=\"hiddenSpellError\">Meri<\/span>. L&#8217;obra narra el suposat assassinat com\u00e9s per <span class=\"hiddenSpellError\">Marcos<\/span>, un estudiant de Batxillerat, com a punt de partida d&#8217;una recerca que ens permet endinsar-nos, a trav\u00e9s dels seus amics i companys de classe, en les seues pors, somnis i inquietuds i ens ofereix una mirada radicalment nova pel que fa a la novel\u00b7la original: una funci\u00f3 en la qual els adolescents s\u00f3n els \u00fanics protagonistes i que naix com un cant a la difer\u00e8ncia i a la cerca, lliure i valenta, de la nostra identitat. Les entrades tenen un preu d&#8217;entre 10 i 14 euros. Diumenge, en el teatre se celebra la Gala de Joves Talents del festival Abril en Dansa, a les 19.00\u00a0h, amb entrades de 7 euros. Tots dos espectacles tenen a la venda les seues entrades en les taquilles del teatre i en <span class=\"hiddenSpellError\">Instanticket<\/span>.<\/p>\n<p>A m\u00e9s, la ciutat d&#8217;Elx rep aquesta setmana a grans grups del panorama indie amb l&#8217;esperada arribada del primer esdeveniment de l&#8217;Elx <span class=\"hiddenSpellError\">Live<\/span> <span class=\"hiddenGreenError\">Music<\/span> Festival que tindr\u00e0 lloc, a partir de les 19.00\u00a0h del divendres, en el centre de la ciutat. Aquest primer dia de concerts compta amb les actuacions de <span class=\"hiddenSpellError\">Kuve<\/span>, <span class=\"hiddenSpellError\">Varry<\/span> Brava, <em>La Casa Azul<\/em> i <span class=\"hiddenSpellError\">Sidonie<\/span> i encara es poden comprar tant les entrades d&#8217;un dia com els abonaments que inclouen el segon esdeveniment en <span class=\"hiddenSpellError\">Wegow<\/span>. El segon dia del festival ser\u00e0 el 12 de maig i comptar\u00e0 amb l&#8217;actuaci\u00f3 del grup <span class=\"hiddenSpellError\">Love<\/span> <span class=\"hiddenSpellError\">of<\/span> <span class=\"hiddenSpellError\">Lesbian<\/span> entre uns altres.<\/p>\n<p>La m\u00fasica continua en les sales d&#8217;Elx, com en el cas de l&#8217;Escorxador, que compta amb el concert de la banda pamplonesa <span class=\"hiddenSpellError\">Kokoschka<\/span> que ens porten el seu quart disc <em>Alguna cosa real<\/em>,\u00a0 dissabte, a les 21.00\u00a0h. Les entrades, de 10 euros, es poden adquirir en el Gran Teatre, <span class=\"hiddenSpellError\">Instanticket<\/span> i en l&#8217;Escorxador abans del concert.<\/p>\n<p>Quant a esdeveniments gratu\u00efts, aquesta setmana la Biblioteca Pere <span class=\"hiddenSpellError\">Ibarra<\/span> compta amb la presentaci\u00f3 <span class=\"hiddenGrammarError\">de <em>Posiblemente<\/em><\/span><em> aire<\/em> de <span class=\"hiddenSpellError\">Koroa<\/span> <span class=\"hiddenSpellError\">Batekin<\/span>, dimarts, a les 19.00\u00a0h i de <em><span class=\"hiddenSpellError\">Pintando<\/span> poemas<\/em> de Fina <span class=\"hiddenSpellError\">Garc\u00eda<\/span>,\u00a0 dijous, a les 19.00\u00a0h. En el barri de <span class=\"hiddenSpellError\">Carr\u00fas<\/span>,\u00a0 divendres, a les 18.00\u00a0h, hi haur\u00e0 concert coral en el centre social de la pla\u00e7a de Barcelona i la representaci\u00f3 de <em>Me importas t\u00fa<\/em> en el polivalent. Dissabte, a les 19.00 h, en Penya Les \u00c0guiles, es representar\u00e0 l&#8217;obra <span class=\"hiddenSpellError\">Ch\u00e8jov<\/span> <span class=\"hiddenSpellError\">in<\/span> <span class=\"hiddenSpellError\">love<\/span>. Finalment, durant tot el cap de setmana, tindr\u00e0 lloc la trobada de dibuixants Dibuixant entre palmeres de l&#8217;Associaci\u00f3 Quaderns Viatgers que t\u00e9 en el seu web tota la informaci\u00f3 i programaci\u00f3.<\/p>\n<p>D&#8217;altra banda, els cinemes Odeon d&#8217;Elx projecten, des de dimecres fins a diumenge, la pel\u00b7l\u00edcula de Woody Allen <span class=\"hiddenSpellError\">Wonder<\/span> <span class=\"hiddenSpellError\">Wheel<\/span>, amb Justin <span class=\"hiddenSpellError\">Timberlake<\/span> i <span class=\"hiddenSpellError\">Kate<\/span> <span class=\"hiddenSpellError\">Winslet<\/span>, la narraci\u00f3 succeeix en el <span class=\"hiddenSpellError\">Coney<\/span> <span class=\"hiddenSpellError\">Island<\/span> dels 50 i explica la hist\u00f2ria <span class=\"hiddenGrammarError\">d&#8217;Humpty<\/span>, operador del carrusel del parc, i de la seua esposa <span class=\"hiddenSpellError\">Ginny<\/span>, una actriu amb un car\u00e0cter summament vol\u00e0til que treballa com a cambrera. Les passades s\u00f3n a les 17.30, 20.00 i 22.30\u00a0h cada dia, la primera passada del dijous ser\u00e0 la sessi\u00f3 <span class=\"hiddenSpellError\">baby<\/span> i les<span class=\"hiddenGrammarError\"> dues segones<\/span> passades d&#8217;aquest dia en versi\u00f3 original subtitulada al castell\u00e0. A m\u00e9s, les sales projecten,\u00a0 dissabte i\u00a0 diumenge, a les 17.30 i 20.00\u00a0h, la pel\u00b7l\u00edcula infantil <em><span class=\"hiddenSpellError\">Ballerina<\/span>,<\/em> on <span class=\"hiddenSpellError\">Felicia<\/span>, una xiqueta que viu en un orfenat en la seua Bretanya natal, somia de convertir-se en una ballarina professional.<\/p>\n<p>La programaci\u00f3 per al p\u00fablic familiar d&#8217;Elx Cultura s&#8217;est\u00e9n a altres esdeveniments que comencen\u00a0 dimarts amb la representaci\u00f3 de l&#8217;obra <em>Laberinto de colores,<\/em> en la sala Tramoia, en funcions concertades amb centres escolars, fins a divendres, a les 10.30\u00a0h. La mateixa obra es representa dissabte, a les 18.00\u00a0h, oberta per al p\u00fablic general amb entrades de 4 euros que es poden adquirir en la mateixa sala. L&#8217;obra, recomanada per a majors de tres anys, explica que els colors produeixen en nosaltres sensacions i sentiments que podem relacionar amb records, sentiments, emocions, imatges i desitjos i que podem percebre els colors no solament amb la vista; tamb\u00e9 identifiquem olors, sabors, textures, situacions i estats d&#8217;\u00e0nim.<\/p>\n<p>Tamb\u00e9 concertada amb centres escolars \u00e9s l&#8217;obra <span class=\"hiddenSpellError\">The<\/span> <span class=\"hiddenSpellError\">sword<\/span> <span class=\"hiddenSpellError\">in<\/span> <span class=\"hiddenSpellError\">the<\/span> <span class=\"hiddenSpellError\">stone<\/span> que es representa a La Llotja dimecres. Una nova versi\u00f3 de teatre en angl\u00e9s sobre la llegenda del Rei Artur.<\/p>\n<p>En l&#8217;Escorxador tamb\u00e9 hi ha aquest cap de setmana una obra per al p\u00fablic familiar que es representa diumenge, a les 12.00\u00a0h i a les 18.00\u00a0h, amb entrades de 6 euros, a la venda en el Gran Teatre, <span class=\"hiddenSpellError\">Instanticket<\/span> i en la mateixa sala abans de les representacions. Es tracta d&#8217;<em>Ay, ay, ay Quijote<\/em>, una versi\u00f3 lliure i reinventada de la gran novel\u00b7la de Cervantes, amb ingredients de c\u00f2mic, clown i teatre musical. En aquest centre cultural, a m\u00e9s es duu a terme un nou taller gratu\u00eft amb aforament limitat d&#8217;Amb el meu Pap\u00e0, amb la meua mam\u00e0, dissabte, a partir de les 11.00\u00a0h. Per a sol\u00b7licitar pla\u00e7a s&#8217;ha d&#8217;enviar un e-mail a arteparaelche@gmail.com.<\/p>\n<p>Altres esdeveniments culturals dedicats al p\u00fablic familiar s\u00f3n els que se celebren en els barris i pedanies de la ciutat d&#8217;entrada gratu\u00efta. Un d&#8217;aquests \u00e9s la representaci\u00f3 d&#8217;Amb dos accents en La Baia, dissabte, a les 17.00\u00a0h. Un espectacle biling\u00fce (valenci\u00e0-castell\u00e0) en el qual les narradores Ani <span class=\"hiddenSpellError\">Kukala<\/span> i <span class=\"hiddenSpellError\">Marisela<\/span> Romero expliquen hist\u00f2ries que reforcen conceptes com la solidaritat i l&#8217;acceptaci\u00f3 de les difer\u00e8ncies. A m\u00e9s, els Dissabtes Divertits de la Glorieta, aquesta setmana, compten amb una programaci\u00f3 ampliada amb motiu de la celebraci\u00f3 de Sant Jordi. Aquesta programaci\u00f3, que es pot consultar en la web de l&#8217;ajuntament, inclou contacontes, tallers, un recital de poesia, un concurs literari infantil, el concert de <span class=\"hiddenSpellError\">Gatetemon<\/span> i l&#8217;actuaci\u00f3 del Mag <span class=\"hiddenSpellError\">Jose<\/span> <span class=\"hiddenSpellError\">Mari<\/span>, durant tota la jornada de dissabte. Finalment, <span class=\"hiddenSpellError\">Virginia<\/span> Rodr\u00edguez <span class=\"hiddenSpellError\">Herrero<\/span> visitar\u00e0 la sala infantil de la Biblioteca Pere <span class=\"hiddenSpellError\">Ibarra<\/span> per a descobrir-nos la hist\u00f2ria de <em>El m\u00e1gico \u00e1rbol del <span class=\"hiddenSpellError\">zanacot\u00f3n<\/span>,<\/em> divendres, 20 d&#8217;abril, a les 18.30\u00a0h, per a aquesta presentaci\u00f3 \u00e9s necessari arreplegar la invitaci\u00f3 en la mateixa biblioteca des del 18 d&#8217;abril.<\/p>\n<p>Quant a les exposicions d&#8217;entrada gratu\u00efta, fins a diumenge es pot visitar &#8220;La Moguda i els huitanta, una efervesc\u00e8ncia musical&#8221; en la sala d&#8217;exposicions del <span class=\"hiddenSpellError\">MACE<\/span>, de dimarts a dissabte, de 10.00 a 14.00\u00a0hores i de 15.00 a 18.00 i de 10.00 a 14.00\u00a0hores, els diumenges i festius. En aquest mateix horari, es troben la mostra de pintura &#8220;Abstracci\u00f3 geom\u00e8trica i figuraci\u00f3 subjectiva&#8221; d&#8217;<span class=\"hiddenSpellError\">Eduardo<\/span> Mart\u00ednez, Cano que estar\u00e0 fins al 22 de juny i &#8220;Espanyols en Bram&#8221; en l&#8217;Ordre Tercera Franciscana, fins al 29 d&#8217;abril. En l&#8217;Escorxador, de dimarts a divendres, de 17.00 a 20.30\u00a0hores; dissabtes, de 10.00 a 14.00 i de 17.00 a 20.30\u00a0hores; i de 10.00 a 14.00\u00a0hores els diumenges i festius, es poden visitar Urbanites, fins al 29 d&#8217;abril, i <span class=\"hiddenSpellError\">Meraki<\/span>, fins al 6 de maig. I en la sala d&#8217;exposicions del <span class=\"hiddenSpellError\">MAHE<\/span>, fins a l&#8217;1 de juliol, de dilluns a dissabte, de 10.00 a 18.00, i de 10.00 a 15.00\u00a0hores, els diumenges i festius &#8220;Prehist\u00f2ria i c\u00f2mic&#8221;.<\/p>\n<p>&nbsp;<\/p>\n","protected":false},"excerpt":{"rendered":"<p>Elx rep aquesta setmana a grans grups del panorama indie, a partir de les 19 hores del divendres, en el centre de la ciutat &nbsp; La edad de la Ira, [&hellip;]<\/p>\n","protected":false},"author":131,"featured_media":56221,"comment_status":"closed","ping_status":"closed","sticky":false,"template":"","format":"standard","meta":{"footnotes":""},"categories":[193,391],"tags":[],"class_list":["post-56226","post","type-post","status-publish","format-standard","has-post-thumbnail","hentry","category-cultura-va","category-home-va"],"_links":{"self":[{"href":"https:\/\/www.elche.es\/va\/wp-json\/wp\/v2\/posts\/56226","targetHints":{"allow":["GET"]}}],"collection":[{"href":"https:\/\/www.elche.es\/va\/wp-json\/wp\/v2\/posts"}],"about":[{"href":"https:\/\/www.elche.es\/va\/wp-json\/wp\/v2\/types\/post"}],"author":[{"embeddable":true,"href":"https:\/\/www.elche.es\/va\/wp-json\/wp\/v2\/users\/131"}],"replies":[{"embeddable":true,"href":"https:\/\/www.elche.es\/va\/wp-json\/wp\/v2\/comments?post=56226"}],"version-history":[{"count":0,"href":"https:\/\/www.elche.es\/va\/wp-json\/wp\/v2\/posts\/56226\/revisions"}],"wp:featuredmedia":[{"embeddable":true,"href":"https:\/\/www.elche.es\/va\/wp-json\/wp\/v2\/media\/56221"}],"wp:attachment":[{"href":"https:\/\/www.elche.es\/va\/wp-json\/wp\/v2\/media?parent=56226"}],"wp:term":[{"taxonomy":"category","embeddable":true,"href":"https:\/\/www.elche.es\/va\/wp-json\/wp\/v2\/categories?post=56226"},{"taxonomy":"post_tag","embeddable":true,"href":"https:\/\/www.elche.es\/va\/wp-json\/wp\/v2\/tags?post=56226"}],"curies":[{"name":"wp","href":"https:\/\/api.w.org\/{rel}","templated":true}]}}