{"id":56417,"date":"2018-04-18T10:09:20","date_gmt":"2018-04-18T09:09:20","guid":{"rendered":"http:\/\/www.elche.es\/va\/2018\/04\/novedades-en-el-triatlon-internacional-de-elche\/"},"modified":"2018-04-18T13:13:53","modified_gmt":"2018-04-18T12:13:53","slug":"novedades-en-el-triatlon-internacional-de-elche","status":"publish","type":"post","link":"https:\/\/www.elche.es\/va\/2018\/04\/novedades-en-el-triatlon-internacional-de-elche\/","title":{"rendered":"Novetats en el Triatl\u00f3 Internacional d&#8217;Elx"},"content":{"rendered":"<blockquote>\n<p style=\"text-align: justify\">&#8220;Tripower&#8221; \u00e9s una campanya de promoci\u00f3 de la prova i alhora del d\u00e0til il\u00b7licit\u00e0 com a exemple d&#8217;aliment energ\u00e8tic<\/p>\n<\/blockquote>\n<p>&nbsp;<\/p>\n<p style=\"text-align: justify\">El regidor d&#8217;Esports, Jes\u00fas <span class=\"hiddenSpellError\">Pareja<\/span>, ha presentat les \u00faltimes novetats entorn del Triatl\u00f3 Internacional d&#8217;Elx. Al costat de <span class=\"hiddenSpellError\">Pareja<\/span> han estat <span class=\"hiddenSpellError\">Juanan<\/span> <span class=\"hiddenSpellError\">Garc\u00eda<\/span>, creador de la campanya &#8220;<span class=\"hiddenSpellError\">Tripower<\/span>&#8220;, <span class=\"hiddenSpellError\">Manu<\/span> <span class=\"hiddenSpellError\">Baeza<\/span>, del Club Triatl\u00f3 <span class=\"hiddenSpellError\">Baeza<\/span>, i el campi\u00f3 del m\u00f3n de nataci\u00f3 adaptada, <span class=\"hiddenSpellError\">Luis<\/span> Paredes. Cal recordar que el triatl\u00f3 se celebrar\u00e0 el pr\u00f2xim 6 de maig amb eixida en Arenals.<\/p>\n<p style=\"text-align: justify\">Jes\u00fas <span class=\"hiddenSpellError\">Pareja<\/span> ha explicat que s&#8217;ha posat en marxa &#8220;<span class=\"hiddenSpellError\">Tripower<\/span>&#8220;, una campanya de promoci\u00f3 de la prova i alhora del d\u00e0til il\u00b7licit\u00e0 com a exemple d&#8217;aliment energ\u00e8tic. Aix\u00ed, s&#8217;ha manat un pot de suplement aliment\u00f3s amb d\u00e0tils a tots els principals clubs de triatl\u00f3 del pa\u00eds.<\/p>\n<p style=\"text-align: justify\">D&#8217;altra banda, la prova il\u00b7licitana vol destacar per la participaci\u00f3 d&#8217;esportistes amb diversitat funcional, i fomentar la inclusi\u00f3 d&#8217;aquests en el segment de relleus. Per a aix\u00f2, aquesta edici\u00f3 comptar\u00e0 amb la participaci\u00f3 de <span class=\"hiddenSpellError\">Luis<\/span> Paredes, de l&#8217;Elx Club Nataci\u00f3, i el seu anterior entrenador <span class=\"hiddenSpellError\">Alejandro<\/span> <span class=\"hiddenSpellError\">Caballero<\/span>.<\/p>\n<p style=\"text-align: justify\">Data i lloc<\/p>\n<p style=\"text-align: justify\">6 de maig de 2018 \u2013 09.00 hores<\/p>\n<p style=\"text-align: justify\">Eixida: Arenals del Sol \u2013 Av. Sant <span class=\"hiddenSpellError\">Bartolom\u00e9<\/span> de <span class=\"hiddenSpellError\">Tirajana<\/span>.<\/p>\n<p style=\"text-align: justify\">Recorregut amb bici Arenals, els <span class=\"hiddenSpellError\">Bassars<\/span>, Perleta, Maitino, &#8230;.<\/p>\n<p style=\"text-align: justify\">Arribada: passeig de l&#8217;Estaci\u00f3 d&#8217;Elx<\/p>\n<p style=\"text-align: justify\">Prova<\/p>\n<p style=\"text-align: justify\">4a edici\u00f3 del Triatl\u00f3 Ol\u00edmpic &#8220;Ciutat d&#8217;Elx&#8221;, amb la dist\u00e0ncia, 1,5\u202fkm -40 km-10 km.<\/p>\n<p style=\"text-align: justify\">L&#8217;eixida es realitzar\u00e0 en Arenals del Sol. El segment de bicicleta, transcorrer\u00e0 per diverses partides del camp d&#8217;Elx, fins a fer la seua entrada per av. Universitat i la transici\u00f3 de carrera a peu es realitza en el p\u00e0rquing de <span class=\"hiddenSpellError\">Candalix<\/span>. L&#8217;\u00faltima part de la prova es realitzara pel vessant del riu, nucli antic de la ciutat i tindr\u00e0 la meta en el passeig de l&#8217;Estaci\u00f3.<\/p>\n<p style=\"text-align: justify\">Campanya de Promoci\u00f3 <span class=\"hiddenGrammarError\">TRI<\/span>-*<span class=\"hiddenSpellError\">POWER<\/span><\/p>\n<p style=\"text-align: justify\">L&#8217;Ajuntament d&#8217;Elx ha llan\u00e7at Tri-*<span class=\"hiddenSpellError\">Power<\/span>, una nova marca de <span class=\"hiddenSpellError\">suplementaci\u00f3<\/span> alimentosa que busca fer-se un buit en el rebost d&#8217;aquests <span class=\"hiddenSpellError\">superesportistes<\/span>, capa\u00e7os de rec\u00f3rrer 1,5 km nadant, 40 amb bici i 10 corrent, juntament amb altres grans i colorits pots de prote\u00efnes o c\u00e0psules, &#8220;D\u00e0til d&#8217;Elx&#8221;, que proporcionar\u00e0 tota l&#8217;energia que necessiten per a nadar en les platges d&#8217;Arenals, pedalejar fins a la ciutat i rec\u00f3rrer a peu el Palmerar d&#8217;Elx, entorn privilegiat i Patrimoni de la Humanitat per la UNESCO.<\/p>\n<p style=\"text-align: justify\">Per aix\u00f2 hem enviat una mostra de producte (d\u00e0til) als principals clubs de triatl\u00f3 de la Comunitat Valenciana i d&#8217;Espanya, juntament amb una carta explicativa en la qual es presenta el triatl\u00f3 <span class=\"hiddenGrammarError\">il\u00b7licitana<\/span>, es detallen les seues principals caracter\u00edstiques i com poder inscriure&#8217;s a la prova.<\/p>\n<p style=\"text-align: justify\">La campanya t\u00e9 l&#8217;objectiu d&#8217;incrementar el nombre d&#8217;inscrits en el triatl\u00f3. La campanya s&#8217;ha plantejat d&#8217;\u00e0mbit nacional, encara que s&#8217;incidisca en les prov\u00edncies m\u00e9s properes. Aquesta servir\u00e0 per a donar a con\u00e9ixer &#8220;Elx&#8221; com a referent en futures edicions en aquest tipus de proves.<\/p>\n<p style=\"text-align: justify\">INSCRIPCIONS<\/p>\n<p style=\"text-align: justify\">Les inscripcions es poden realitzar a trav\u00e9s de la p\u00e0gina de la prova, fins al 29 d&#8217;abril de 2018.<\/p>\n<p>&nbsp;<\/p>\n","protected":false},"excerpt":{"rendered":"<p>&#8220;Tripower&#8221; \u00e9s una campanya de promoci\u00f3 de la prova i alhora del d\u00e0til il\u00b7licit\u00e0 com a exemple d&#8217;aliment energ\u00e8tic &nbsp; El regidor d&#8217;Esports, Jes\u00fas Pareja, ha presentat les \u00faltimes novetats [&hellip;]<\/p>\n","protected":false},"author":131,"featured_media":56382,"comment_status":"closed","ping_status":"closed","sticky":false,"template":"","format":"standard","meta":{"footnotes":""},"categories":[187],"tags":[],"class_list":["post-56417","post","type-post","status-publish","format-standard","has-post-thumbnail","hentry","category-esports"],"_links":{"self":[{"href":"https:\/\/www.elche.es\/va\/wp-json\/wp\/v2\/posts\/56417","targetHints":{"allow":["GET"]}}],"collection":[{"href":"https:\/\/www.elche.es\/va\/wp-json\/wp\/v2\/posts"}],"about":[{"href":"https:\/\/www.elche.es\/va\/wp-json\/wp\/v2\/types\/post"}],"author":[{"embeddable":true,"href":"https:\/\/www.elche.es\/va\/wp-json\/wp\/v2\/users\/131"}],"replies":[{"embeddable":true,"href":"https:\/\/www.elche.es\/va\/wp-json\/wp\/v2\/comments?post=56417"}],"version-history":[{"count":0,"href":"https:\/\/www.elche.es\/va\/wp-json\/wp\/v2\/posts\/56417\/revisions"}],"wp:featuredmedia":[{"embeddable":true,"href":"https:\/\/www.elche.es\/va\/wp-json\/wp\/v2\/media\/56382"}],"wp:attachment":[{"href":"https:\/\/www.elche.es\/va\/wp-json\/wp\/v2\/media?parent=56417"}],"wp:term":[{"taxonomy":"category","embeddable":true,"href":"https:\/\/www.elche.es\/va\/wp-json\/wp\/v2\/categories?post=56417"},{"taxonomy":"post_tag","embeddable":true,"href":"https:\/\/www.elche.es\/va\/wp-json\/wp\/v2\/tags?post=56417"}],"curies":[{"name":"wp","href":"https:\/\/api.w.org\/{rel}","templated":true}]}}