{"id":56440,"date":"2018-04-18T13:30:31","date_gmt":"2018-04-18T12:30:31","guid":{"rendered":"http:\/\/www.elche.es\/va\/2018\/04\/el-ayuntamiento-presenta-una-iniciativa-en-la-cual-ovejas-guirra-cuidan-del-palmeral\/"},"modified":"2018-04-18T13:51:29","modified_gmt":"2018-04-18T12:51:29","slug":"el-ayuntamiento-presenta-una-iniciativa-en-la-cual-ovejas-guirra-cuidan-del-palmeral","status":"publish","type":"post","link":"https:\/\/www.elche.es\/va\/2018\/04\/el-ayuntamiento-presenta-una-iniciativa-en-la-cual-ovejas-guirra-cuidan-del-palmeral\/","title":{"rendered":"L&#8217;Ajuntament presenta una iniciativa en la qual ovelles guirra cuiden del Palmerar"},"content":{"rendered":"<blockquote>\n<p style=\"text-align: justify\">El contracte \u00e9s de 16.500 euros i t\u00e9 una durada de cinc mesos<br \/>\nL&#8217;objectiu \u00e9s reduir l&#8217;\u00fas d&#8217;herbicides i ajudar tant a la conservaci\u00f3 del Palmerar com de les ovelles guirra, que estan en perill d&#8217;extinci\u00f3<\/p>\n<\/blockquote>\n<p>&nbsp;<\/p>\n<p style=\"text-align: justify\">El regidor de Medi ambient, Antonio <span class=\"hiddenSpellError\">Garc\u00eda<\/span>, ha presentat un programa pel qual prop de mig centenar d&#8217;ovelles en perill d&#8217;extinci\u00f3 cuidaran el Palmerar d&#8217;Elx alimentant-se de d\u00e0tils que cauen al s\u00f2l i d&#8217;advent\u00edcies esteses entre les palmeres.<\/p>\n<p>&#8220;Les ovelles viuran en l&#8217;Hort dels <span class=\"hiddenSpellError\">Pontos<\/span> fins al mes d&#8217;octubre aproximadament. Amb aquesta iniciativa estem ajudant a la conservaci\u00f3 de l&#8217;ovella guirra, s\u00edmbol del Camp d&#8217;Elx i d&#8217;altra banda estem contribuint al Patrimoni de la Humanitat&#8221;, ha assenyalat Antonio <span class=\"hiddenSpellError\">Garc\u00eda<\/span>, qui ha afegit que es torna a aquesta imatge tradicional que tenia la ciutat antigament i en la qual era habitual veure a les ovelles.<\/p>\n<p>El regidor de Medi ambient ha assenyalat que a m\u00e9s seran un atractiu per als turistes que vinguen a la ciutat. &#8220;Tamb\u00e9 millorar\u00e0 el manteniment dels horts, reduir\u00e0 l&#8217;\u00fas d&#8217;herbicides, del que estem en contra. \u00c9s una prova pilot i la nostra idea \u00e9s estendre-la a m\u00e9s horts de la ciutat&#8221;, ha assenyalat Antonio <span class=\"hiddenSpellError\">Garc\u00eda<\/span>.<\/p>\n<p>El contracte t\u00e9 una quantia de 16.500 euros i una durada de cinc mesos. Segons el regidor de Medi ambient, \u00e9s una iniciativa pionera en la ciutat, per\u00f2 hi ha exemples en altres ciutats com Nova York. &#8220;A Elx cobra molt m\u00e9s sentit per la tradici\u00f3 rural i ramadera que tenim&#8221;, ha concl\u00f2s el regidor Antonio <span class=\"hiddenSpellError\">Garc\u00eda<\/span>.<\/p>\n<p>&nbsp;<\/p>\n","protected":false},"excerpt":{"rendered":"<p>El contracte \u00e9s de 16.500 euros i t\u00e9 una durada de cinc mesos L&#8217;objectiu \u00e9s reduir l&#8217;\u00fas d&#8217;herbicides i ajudar tant a la conservaci\u00f3 del Palmerar com de les ovelles [&hellip;]<\/p>\n","protected":false},"author":131,"featured_media":56448,"comment_status":"closed","ping_status":"closed","sticky":false,"template":"","format":"standard","meta":{"footnotes":""},"categories":[211],"tags":[],"class_list":["post-56440","post","type-post","status-publish","format-standard","has-post-thumbnail","hentry","category-medi-ambient-va"],"_links":{"self":[{"href":"https:\/\/www.elche.es\/va\/wp-json\/wp\/v2\/posts\/56440","targetHints":{"allow":["GET"]}}],"collection":[{"href":"https:\/\/www.elche.es\/va\/wp-json\/wp\/v2\/posts"}],"about":[{"href":"https:\/\/www.elche.es\/va\/wp-json\/wp\/v2\/types\/post"}],"author":[{"embeddable":true,"href":"https:\/\/www.elche.es\/va\/wp-json\/wp\/v2\/users\/131"}],"replies":[{"embeddable":true,"href":"https:\/\/www.elche.es\/va\/wp-json\/wp\/v2\/comments?post=56440"}],"version-history":[{"count":0,"href":"https:\/\/www.elche.es\/va\/wp-json\/wp\/v2\/posts\/56440\/revisions"}],"wp:featuredmedia":[{"embeddable":true,"href":"https:\/\/www.elche.es\/va\/wp-json\/wp\/v2\/media\/56448"}],"wp:attachment":[{"href":"https:\/\/www.elche.es\/va\/wp-json\/wp\/v2\/media?parent=56440"}],"wp:term":[{"taxonomy":"category","embeddable":true,"href":"https:\/\/www.elche.es\/va\/wp-json\/wp\/v2\/categories?post=56440"},{"taxonomy":"post_tag","embeddable":true,"href":"https:\/\/www.elche.es\/va\/wp-json\/wp\/v2\/tags?post=56440"}],"curies":[{"name":"wp","href":"https:\/\/api.w.org\/{rel}","templated":true}]}}