{"id":57312,"date":"2018-04-26T06:24:25","date_gmt":"2018-04-26T05:24:25","guid":{"rendered":"http:\/\/www.elche.es\/va\/2018\/04\/cortes-de-calle-o-limitacion-de-estacionamiento-previstos-para-estos-proximos-dias-3\/"},"modified":"2018-04-26T08:25:46","modified_gmt":"2018-04-26T07:25:46","slug":"cortes-de-calle-o-limitacion-de-estacionamiento-previstos-para-estos-proximos-dias-3","status":"publish","type":"post","link":"https:\/\/www.elche.es\/va\/2018\/04\/cortes-de-calle-o-limitacion-de-estacionamiento-previstos-para-estos-proximos-dias-3\/","title":{"rendered":"Talls de carrer o limitaci\u00f3 d&#8217;estacionament previstos per a aquests pr\u00f2xims dies"},"content":{"rendered":"<p>Esdeveniments:<\/p>\n<p># Reserva estacionament retransmissi\u00f3 partit<br \/>\n&#x1f4c6; 26 d&#8217;abril<br \/>\n\u23f0 08.00<br \/>\n&#x1f4cd; Av. de la Universitat<br \/>\n&#x1f6ab; 10 m. a cada costat de la porta d&#8217;acc\u00e9s al roc\u00f2drom, fins al 28 d&#8217;abril a les 08.00.<\/p>\n<p># Fira andalusa<br \/>\n&#x1f4c6; Del 26 d&#8217;abril a l&#8217;1 de maig<br \/>\n\u23f0 21.30<br \/>\n&#x1f4cd;P\u00e0rquing de Candalix<br \/>\n\u26d4\ufe0f Nostra Senyora de la Cabe\u00e7a, des de l&#8217;av. de l&#8217;Alcalde Vicente Quiles Fuentes i Candalix, des del c\/ Luis Gongaza Llorente (en cas de ser necessari)<\/p>\n<p># Manifestaci\u00f3 (drets ca\u00e7adors)<br \/>\n&#x1f4c6; 27 d&#8217;abril<br \/>\n\u23f0 12.00 (3 h aprox.)<br \/>\n&#x1f4cd; Itinerari: inici en Club Esportiu <em>Tiro de Pich\u00f3n<\/em>\u00a0fins a l&#8217;altura de la rotonda EL-20 i tornada al punt d&#8217;inici<\/p>\n<p>&lt;&lt;FESTA DEL BON PASTOR&gt;&gt;<br \/>\n# Festa parr\u00f2quia<br \/>\n&#x1f4c6; 28 d&#8217;abril<br \/>\n\u23f0 10.00<br \/>\n&#x1f4cd; Joaqu\u00edn Garc\u00eda Mora, tram compr\u00e9s entre l&#8217;av. de Novelda\u00a0i\u00a0el c\/ Antonio Garc\u00eda Cayuelas.<br \/>\n&#x1f6ab; Des del 28 d&#8217;abril a les 08.00 hores i fins a les 24.00 hores del diumenge 29 d&#8217;abril.<br \/>\n\u26d4\ufe0f Des del 28 d&#8217;abril a les 10.00 hores i fins a les 23.00 hores del diumenge 29 d&#8217;abril.<\/p>\n<p># Marxa a peu amb gossos pigall<br \/>\n&#x1f4c6; 28 d&#8217;abril<br \/>\n\u23f0 11.00<br \/>\n&#x1f4cd; Itinerari: Passeig de l&#8217;Estaci\u00f3, Diagonal del Palau, Pont d&#8217;Altamira, av. Comunitat Valenciana, Passarel\u00b7la Mercat, Pla\u00e7a Baix (on es llegir\u00e0 un manifest), Troneta, Hospital, Alm\u00f2rida, Centre de Congressos, Hort del Monjo, al restaurant &#8220;La Taula&#8221; situat en l&#8217;Hotel Milenio. Tota la marxa es realitzar\u00e0 per la vorera.<\/p>\n<p># Concentraci\u00f3 (Llei de Depend\u00e8ncia)<br \/>\n&#x1f4c6; 28 d&#8217;abril<br \/>\n\u23f0 12.30 (30 m. aprox.)<br \/>\n&#x1f4cd; Pla\u00e7a de Baix<\/p>\n<p># VII Festa Solid\u00e0ria Elx Parc Empresarial<br \/>\n&#x1f4c6; 28 d&#8217;abril<br \/>\n\u23f0 10.00 a 15.00<br \/>\n&#x1f4cd; Boulevard carrers: Santiago Ram\u00f3n y Cajal i Severo Ochoa.<br \/>\nItinerari: Severo Ochoa (davant de Mustang), Severo Ochoa direcci\u00f3 Nord, Santiago Ram\u00f3n y Cajal, Mart\u00edn Soler, Marie Curie direcci\u00f3 Nord fins a Nicol\u00e1s Copernico, Marie Curie direcci\u00f3 Sud, Antonio Jos\u00e9 Cavanilles, Nicol\u00e1s de Bussi direcci\u00f3 Nord fins a Nicol\u00e1s Copernico direcci\u00f3 Nord, Nicol\u00e1s de Bussi direcci\u00f3 Sud, Antonio Jos\u00e9 Cavanilles, av. Calzado d&#8217;Elx direcci\u00f3 Nord fins a Nicol\u00e1s Copernico, av. Calzado d&#8217;Elx direcci\u00f3 Sud fins a Marqu\u00e9s de Laplace, av. Calzado d&#8217;Elx, Antonio J. Cavanilles, Marie Curie direcci\u00f3 Sud\u00a0fins a Marqu\u00e9s de Laplace, Marie Curie direcci\u00f3 Nord, Pau Casals, Santiago Ram\u00f3n y Cajal direcci\u00f3 Sud\u00a0fins a Antonio Gaud\u00ed, Severo Ochoa direcci\u00f3 Nord.<br \/>\n&#x1f6ab; Des de les 08.00 i fins a les 19.00 hores, en els carrers Santiago Ram\u00f3n y Cajal i Severo Ochoa, tram compr\u00e9s entres els carrers Isaac Newton i Thom\u00e1s Edison<br \/>\n&#x1f6ab; Des de les 13.00 hores, en tot el recorregut de la carrera<br \/>\n\u26d4\ufe0f A les 08.00 hores, tall del tr\u00e0nsit rodat cap al Boulevard conformat pels carrers Santiago Ram\u00f3n y Cajal i Severo Ochoa, tram compr\u00e9s entre els carrers Isaac Newton i Thomas Edison<br \/>\n<a href=\"https:\/\/www.elche.es\/evento\/vii-fiesta-solidaria-parque-empresarial\/\" target=\"_blank\" rel=\"nofollow\">https:\/\/www.elche.es\/evento\/vii-fiesta-solidaria-parque-empresarial\/<\/a><\/p>\n<p># Jornada d&#8217;Atletisme<br \/>\n&#x1f4c6; 28 i 29 d&#8217;abril<br \/>\n\u23f0 De 16.00 a 20.30 i de 09.00 a 14.00 respectivament<br \/>\n&#x1f4cd; Pistes atletisme &#8220;Manolo Ja\u00e9n&#8221;<br \/>\n&#x1f6ab; En el vial de servei interior de Jos\u00e9 Pomares Perlasia des de les 08.00 hores del dissabte 28 a les 15.00 hores del diumenge 29 d&#8217;abril.<\/p>\n<p># Process\u00f3<br \/>\n&#x1f4c6; 29 d&#8217;abril<br \/>\n\u23f0 19.00<br \/>\n&#x1f4cd; Itinerari: parr\u00f2quia el Bon Pastor, Joaqu\u00edn Garc\u00eda Mora, Germans Navarro Caracena, Mestre Melcior Botella, av. de Novelda, Joaqu\u00edn Garc\u00eda Mora.<br \/>\n&#x1f6ab; Des del 28 d&#8217;abril a les 08.00 i fins a les 24.00 hores del diumenge 29 d&#8217;abril.<\/p>\n<p>.<br \/>\n\u26d4\ufe0f Des del 28 d&#8217;abril a les 10.00 hores i fins a les\u00a023.00 hores del diumenge 29 d&#8217;abril.<\/p>\n<p># Concentraci\u00f3 (pensions)<br \/>\n&#x1f4c6; 30 d&#8217;abril<br \/>\n\u23f0 12.00 (2 h aprox.)<br \/>\n&#x1f4cd; Pla\u00e7a de Baix<\/p>\n<p># Manifestaci\u00f3 1 de Maig<br \/>\n&#x1f4c6; 1 de maig<br \/>\n\u23f0 11.00 (3 h aprox.)<br \/>\n&#x1f4cd; Itinerari: Pla\u00e7a Barcelona, Passeig Nit de l&#8217;Alb\u00e0, av. de la Llibertat, Jordi Joan, Reina Vict\u00f2ria, Pont de Canalejas, pla\u00e7a de Baix, Corredora, carrer Ample, Passeig de les Eres de Santa Ll\u00facia, Portell de Granyana, pla\u00e7a del Parc, passeig de l&#8217;Estaci\u00f3.<br \/>\n&#x1f6ab; Des de les 7.00 hores en la pla\u00e7a Barcelona, Passeig Nit de l&#8217;Alb\u00e0, pla\u00e7a de Baix, Passeig de les Eres de Santa Ll\u00facia.<\/p>\n<p># Concentraci\u00f3 (r\u00e0tios escolars)<br \/>\n&#x1f4c6; 3 de maig<br \/>\n\u23f0 18.00 (2 h aprox.)<br \/>\n&#x1f4cd; Pla\u00e7a de Baix<\/p>\n<p>Rep informaci\u00f3 A L&#8217;INSTANT amb #Telegram i consulta els esdeveniments previstos. M\u00e9s info: <a href=\"https:\/\/t.me\/policiaelche\" target=\"_blank\" rel=\"nofollow\">https:\/\/t.me\/policiaelche<\/a><\/p>\n","protected":false},"excerpt":{"rendered":"<p>Esdeveniments: # Reserva estacionament retransmissi\u00f3 partit &#x1f4c6; 26 d&#8217;abril \u23f0 08.00 &#x1f4cd; Av. de la Universitat &#x1f6ab; 10 m. a cada costat de la porta d&#8217;acc\u00e9s al roc\u00f2drom, fins al [&hellip;]<\/p>\n","protected":false},"author":77,"featured_media":57297,"comment_status":"closed","ping_status":"closed","sticky":false,"template":"","format":"standard","meta":{"footnotes":""},"categories":[882,1323],"tags":[],"class_list":["post-57312","post","type-post","status-publish","format-standard","has-post-thumbnail","hentry","category-incidencies-i-avisos","category-policia-local-trafico-va"],"_links":{"self":[{"href":"https:\/\/www.elche.es\/va\/wp-json\/wp\/v2\/posts\/57312","targetHints":{"allow":["GET"]}}],"collection":[{"href":"https:\/\/www.elche.es\/va\/wp-json\/wp\/v2\/posts"}],"about":[{"href":"https:\/\/www.elche.es\/va\/wp-json\/wp\/v2\/types\/post"}],"author":[{"embeddable":true,"href":"https:\/\/www.elche.es\/va\/wp-json\/wp\/v2\/users\/77"}],"replies":[{"embeddable":true,"href":"https:\/\/www.elche.es\/va\/wp-json\/wp\/v2\/comments?post=57312"}],"version-history":[{"count":0,"href":"https:\/\/www.elche.es\/va\/wp-json\/wp\/v2\/posts\/57312\/revisions"}],"wp:featuredmedia":[{"embeddable":true,"href":"https:\/\/www.elche.es\/va\/wp-json\/wp\/v2\/media\/57297"}],"wp:attachment":[{"href":"https:\/\/www.elche.es\/va\/wp-json\/wp\/v2\/media?parent=57312"}],"wp:term":[{"taxonomy":"category","embeddable":true,"href":"https:\/\/www.elche.es\/va\/wp-json\/wp\/v2\/categories?post=57312"},{"taxonomy":"post_tag","embeddable":true,"href":"https:\/\/www.elche.es\/va\/wp-json\/wp\/v2\/tags?post=57312"}],"curies":[{"name":"wp","href":"https:\/\/api.w.org\/{rel}","templated":true}]}}