{"id":57422,"date":"2018-04-26T10:56:10","date_gmt":"2018-04-26T09:56:10","guid":{"rendered":"http:\/\/www.elche.es\/va\/2018\/04\/el-alcalde-inaugura-el-primer-congreso-de-internacionalizacion\/"},"modified":"2018-04-26T11:46:22","modified_gmt":"2018-04-26T10:46:22","slug":"el-alcalde-inaugura-el-primer-congreso-de-internacionalizacion","status":"publish","type":"post","link":"https:\/\/www.elche.es\/va\/2018\/04\/el-alcalde-inaugura-el-primer-congreso-de-internacionalizacion\/","title":{"rendered":"Elx celebra el Primer Congr\u00e9s d&#8217;Internacionalitzaci\u00f3"},"content":{"rendered":"<p style=\"text-align: justify\">El Centre de Congressos d&#8217;Elx acull a m\u00e9s de 280 empresaris, directius i emprenedors en el Primer Congr\u00e9s d&#8217;Internacionalitzaci\u00f3, organitzat per la Cambra de Comer\u00e7, i que ha sigut inaugurat per l&#8217;alcalde, <span class=\"hiddenSpellError\">Carlos<\/span> Gonz\u00e1lez; el president de la C\u00e0mera, <span class=\"hiddenSpellError\">Juan<\/span> Riera; i la directora general d&#8217;Internacionalitzaci\u00f3 de la Generalitat Valenciana, <span class=\"hiddenSpellError\">Mar\u00eda<\/span> <span class=\"hiddenGrammarError\">Dolores<\/span> Parra.<\/p>\n<p style=\"text-align: justify\">L&#8217;alcalde ha destacat en la seua intervenci\u00f3 que &#8220;el congr\u00e9s se celebra en un entorn adequat, Elx, una ciutat emprenedora i innovadora en la qual les empreses de cal\u00e7at estan apostant per la internacionalitzaci\u00f3 i la digitalitzaci\u00f3&#8221;.<\/p>\n<p style=\"text-align: justify\">Per la seua banda, la directora general ha recordat que encara est\u00e0 obert el termini per a sol\u00b7licitar ajudes a la internacionalitzaci\u00f3 i va convidar a les empreses interessades a donar-se pressa perqu\u00e8 aquest termini s&#8217;acaba el pr\u00f2xim dia 30.<\/p>\n<p style=\"text-align: justify\">El president de l&#8217;entitat organitzadora ha destacat l&#8217;aposta de la C\u00e0mera per Elx &#8220;perqu\u00e8 en el meu \u00e0nim est\u00e0 donar-li la import\u00e0ncia que es mereix i no ser\u00e0 l&#8217;\u00fanic esdeveniment que es far\u00e0 ac\u00ed&#8221;.<\/p>\n","protected":false},"excerpt":{"rendered":"<p>El Centre de Congressos d&#8217;Elx acull a m\u00e9s de 280 empresaris, directius i emprenedors en el Primer Congr\u00e9s d&#8217;Internacionalitzaci\u00f3, organitzat per la Cambra de Comer\u00e7, i que ha sigut inaugurat [&hellip;]<\/p>\n","protected":false},"author":131,"featured_media":57403,"comment_status":"closed","ping_status":"closed","sticky":false,"template":"","format":"standard","meta":{"footnotes":""},"categories":[161,391,183],"tags":[],"class_list":["post-57422","post","type-post","status-publish","format-standard","has-post-thumbnail","hentry","category-ajuntament","category-home-va","category-pomocio-economica"],"_links":{"self":[{"href":"https:\/\/www.elche.es\/va\/wp-json\/wp\/v2\/posts\/57422","targetHints":{"allow":["GET"]}}],"collection":[{"href":"https:\/\/www.elche.es\/va\/wp-json\/wp\/v2\/posts"}],"about":[{"href":"https:\/\/www.elche.es\/va\/wp-json\/wp\/v2\/types\/post"}],"author":[{"embeddable":true,"href":"https:\/\/www.elche.es\/va\/wp-json\/wp\/v2\/users\/131"}],"replies":[{"embeddable":true,"href":"https:\/\/www.elche.es\/va\/wp-json\/wp\/v2\/comments?post=57422"}],"version-history":[{"count":0,"href":"https:\/\/www.elche.es\/va\/wp-json\/wp\/v2\/posts\/57422\/revisions"}],"wp:featuredmedia":[{"embeddable":true,"href":"https:\/\/www.elche.es\/va\/wp-json\/wp\/v2\/media\/57403"}],"wp:attachment":[{"href":"https:\/\/www.elche.es\/va\/wp-json\/wp\/v2\/media?parent=57422"}],"wp:term":[{"taxonomy":"category","embeddable":true,"href":"https:\/\/www.elche.es\/va\/wp-json\/wp\/v2\/categories?post=57422"},{"taxonomy":"post_tag","embeddable":true,"href":"https:\/\/www.elche.es\/va\/wp-json\/wp\/v2\/tags?post=57422"}],"curies":[{"name":"wp","href":"https:\/\/api.w.org\/{rel}","templated":true}]}}