{"id":57490,"date":"2018-04-26T20:57:44","date_gmt":"2018-04-26T19:57:44","guid":{"rendered":"http:\/\/www.elche.es\/va\/2018\/04\/corte-carril-norte-de-pedro-juan-perpinan\/"},"modified":"2018-04-27T07:53:08","modified_gmt":"2018-04-27T06:53:08","slug":"corte-carril-norte-de-pedro-juan-perpinan","status":"publish","type":"post","link":"https:\/\/www.elche.es\/va\/2018\/04\/corte-carril-norte-de-pedro-juan-perpinan\/","title":{"rendered":"Tall carril nord de Pere Joan Perpiny\u00e0"},"content":{"rendered":"<p style=\"text-align: justify\">Dissabte que ve 28 d&#8217;abril, en horari compr\u00e9s entre les 08.00\u202fh i les 18.00\u202fh, es tallar\u00e0 el tr\u00e0nsit del carril nord de Pere Joan Perpiny\u00e0, tram entre carrers Espronceda i Torres Quevedo.<\/p>\n<p>Desviaments proposats: per a vehicles procedents del pont de la Generalitat sentit M\u00farcia, cap al carrer <span class=\"hiddenSpellError\">Conrado<\/span> del Campo, Antonio Machado, Concepci\u00f3 Arenal, Pere Joan Perpiny\u00e0. Els vehicles que disc\u00f3rreguen pel c\/ Espronceda, en arribar al punt de tall, continuaran pels carrers Espronceda, <span class=\"hiddenSpellError\">Enrique<\/span> Pire <span class=\"hiddenSpellError\">Garc\u00eda<\/span>, Torres Quevedo, Espronceda.<\/p>\n","protected":false},"excerpt":{"rendered":"<p>Dissabte que ve 28 d&#8217;abril, en horari compr\u00e9s entre les 08.00\u202fh i les 18.00\u202fh, es tallar\u00e0 el tr\u00e0nsit del carril nord de Pere Joan Perpiny\u00e0, tram entre carrers Espronceda i [&hellip;]<\/p>\n","protected":false},"author":77,"featured_media":57488,"comment_status":"closed","ping_status":"closed","sticky":false,"template":"","format":"standard","meta":{"footnotes":""},"categories":[882,1323],"tags":[],"class_list":["post-57490","post","type-post","status-publish","format-standard","has-post-thumbnail","hentry","category-incidencies-i-avisos","category-policia-local-trafico-va"],"_links":{"self":[{"href":"https:\/\/www.elche.es\/va\/wp-json\/wp\/v2\/posts\/57490","targetHints":{"allow":["GET"]}}],"collection":[{"href":"https:\/\/www.elche.es\/va\/wp-json\/wp\/v2\/posts"}],"about":[{"href":"https:\/\/www.elche.es\/va\/wp-json\/wp\/v2\/types\/post"}],"author":[{"embeddable":true,"href":"https:\/\/www.elche.es\/va\/wp-json\/wp\/v2\/users\/77"}],"replies":[{"embeddable":true,"href":"https:\/\/www.elche.es\/va\/wp-json\/wp\/v2\/comments?post=57490"}],"version-history":[{"count":0,"href":"https:\/\/www.elche.es\/va\/wp-json\/wp\/v2\/posts\/57490\/revisions"}],"wp:featuredmedia":[{"embeddable":true,"href":"https:\/\/www.elche.es\/va\/wp-json\/wp\/v2\/media\/57488"}],"wp:attachment":[{"href":"https:\/\/www.elche.es\/va\/wp-json\/wp\/v2\/media?parent=57490"}],"wp:term":[{"taxonomy":"category","embeddable":true,"href":"https:\/\/www.elche.es\/va\/wp-json\/wp\/v2\/categories?post=57490"},{"taxonomy":"post_tag","embeddable":true,"href":"https:\/\/www.elche.es\/va\/wp-json\/wp\/v2\/tags?post=57490"}],"curies":[{"name":"wp","href":"https:\/\/api.w.org\/{rel}","templated":true}]}}