{"id":58982,"date":"2018-05-15T12:37:13","date_gmt":"2018-05-15T11:37:13","guid":{"rendered":"http:\/\/www.elche.es\/va\/?p=58982"},"modified":"2018-05-15T12:37:13","modified_gmt":"2018-05-15T11:37:13","slug":"la-campanya-de-dinamitzacio-de-barris-i-pedanies-arriba-a-carrus","status":"publish","type":"post","link":"https:\/\/www.elche.es\/va\/2018\/05\/la-campanya-de-dinamitzacio-de-barris-i-pedanies-arriba-a-carrus\/","title":{"rendered":"La campanya de dinamitzaci\u00f3 de barris i pedanies arriba a Carr\u00fas"},"content":{"rendered":"<blockquote><p>&#8220;Trocamba Matanuska&#8221;, &#8220;Ebri Knight&#8221;, &#8220;Kilombo Kilomb\u00e9 Percusi\u00f3n&#8221;, &#8220;Jamones con tacones&#8221; \u00a0i la cantautora il\u00b7licitana Laura Campello actuaran, divendres i dissabte, en la pla\u00e7a de l&#8217;Algeps<\/p><\/blockquote>\n<p>&nbsp;<\/p>\n<p>El regidor de Participaci\u00f3, Felip S\u00e0nchez, ha presentat les actuacions previstes dins de la campanya de dinamitzaci\u00f3 de barris i pedanies previstes per a aquest cap de setmana.<\/p>\n<p>Tal com ha indicat el regidor, aquestes actuacions es duran a terme en les Ximeneres de l&#8217;Algeps i comen\u00e7aran divendres, 18 de maig, a les 21.00 hores, amb l&#8217;actuaci\u00f3 de &#8220;Trocamba Matanuska&#8221; i els seus ritmes balc\u00e0nics, &#8220;klezmer&#8221; i &#8220;gipsy&#8221;. A les 22.30, actuar\u00e0 &#8220;Ebri Knight&#8221; amb el seu concert de <em>folk-rock<\/em> en catal\u00e0.<\/p>\n<p>El dissabte, 19 de maig, a les 19.00 hores, actuar\u00e0 &#8220;Kilombo Kilomb\u00e9 Percusi\u00f3n&#8221;. A les 21.00 hores, arribar\u00e0 l&#8217;actuaci\u00f3 de &#8220;Jamones con tacones&#8221;, un grup murci\u00e0 l&#8217;estil del qual va des del <em>reggae<\/em> fins al<em> funk<\/em>. A les 22.30 hores, actuar\u00e0 la cantautora il\u00b7licitana Laura Campello.<\/p>\n<p>Al marge de les actuacions musicals hi ha tot un seguit de activitats paral\u00b7leles en les quals participaran les diferents associacions ve\u00efnals de Carr\u00fas i ONGs com Elx Acull, Amnistia Internacional o Mans Unides. I al costat d&#8217;aquests, activitats infantils i balls regionals per a gaudir de la cultura i la solidaritat en fam\u00edlia.<\/p>\n<p>&nbsp;<\/p>\n","protected":false},"excerpt":{"rendered":"<p>&#8220;Trocamba Matanuska&#8221;, &#8220;Ebri Knight&#8221;, &#8220;Kilombo Kilomb\u00e9 Percusi\u00f3n&#8221;, &#8220;Jamones con tacones&#8221; \u00a0i la cantautora il\u00b7licitana Laura Campello actuaran, divendres i dissabte, en la pla\u00e7a de l&#8217;Algeps &nbsp; El regidor de Participaci\u00f3, [&hellip;]<\/p>\n","protected":false},"author":15,"featured_media":58959,"comment_status":"closed","ping_status":"closed","sticky":false,"template":"","format":"standard","meta":{"footnotes":""},"categories":[208],"tags":[],"class_list":["post-58982","post","type-post","status-publish","format-standard","has-post-thumbnail","hentry","category-participacio-ciutadana-va"],"_links":{"self":[{"href":"https:\/\/www.elche.es\/va\/wp-json\/wp\/v2\/posts\/58982","targetHints":{"allow":["GET"]}}],"collection":[{"href":"https:\/\/www.elche.es\/va\/wp-json\/wp\/v2\/posts"}],"about":[{"href":"https:\/\/www.elche.es\/va\/wp-json\/wp\/v2\/types\/post"}],"author":[{"embeddable":true,"href":"https:\/\/www.elche.es\/va\/wp-json\/wp\/v2\/users\/15"}],"replies":[{"embeddable":true,"href":"https:\/\/www.elche.es\/va\/wp-json\/wp\/v2\/comments?post=58982"}],"version-history":[{"count":0,"href":"https:\/\/www.elche.es\/va\/wp-json\/wp\/v2\/posts\/58982\/revisions"}],"wp:featuredmedia":[{"embeddable":true,"href":"https:\/\/www.elche.es\/va\/wp-json\/wp\/v2\/media\/58959"}],"wp:attachment":[{"href":"https:\/\/www.elche.es\/va\/wp-json\/wp\/v2\/media?parent=58982"}],"wp:term":[{"taxonomy":"category","embeddable":true,"href":"https:\/\/www.elche.es\/va\/wp-json\/wp\/v2\/categories?post=58982"},{"taxonomy":"post_tag","embeddable":true,"href":"https:\/\/www.elche.es\/va\/wp-json\/wp\/v2\/tags?post=58982"}],"curies":[{"name":"wp","href":"https:\/\/api.w.org\/{rel}","templated":true}]}}