{"id":59588,"date":"2018-05-21T13:56:58","date_gmt":"2018-05-21T12:56:58","guid":{"rendered":"http:\/\/www.elche.es\/va\/?p=59588"},"modified":"2018-05-22T09:41:35","modified_gmt":"2018-05-22T08:41:35","slug":"nova-edicio-delx-participa-en-lhort-de-la-cuerna","status":"publish","type":"post","link":"https:\/\/www.elche.es\/va\/2018\/05\/nova-edicio-delx-participa-en-lhort-de-la-cuerna\/","title":{"rendered":"Nova edici\u00f3 d&#8217;Elx Participa en l&#8217;Hort de Q\u00fcerna"},"content":{"rendered":"<blockquote><p>Aquestes jornades tindran una tem\u00e0tica friqui amb el Tron de Ferro de la s\u00e8rie Joc de Trons, exhibici\u00f3 d&#8217;esgrima hist\u00f2rica, marat\u00f3 de jocs de taula, concursos i un <em>Survival Zombie<\/em>, entre altres activitats<\/p><\/blockquote>\n<p>&nbsp;<\/p>\n<p>El regidor de Participaci\u00f3, Felip S\u00e0nchez, ha presentat una nova edici\u00f3 d&#8217;Elx Participa, que tindr\u00e0 lloc aquest cap de setmana en l&#8217;Hort de Q\u00fcerna, concretament, els dies 26 i 27 de maig. Aquesta vegada, les activitats tindran una tem\u00e0tica friqui.<\/p>\n<p>El 26 de maig, a les 11.00 hores, es dur\u00e0 a terme la presentaci\u00f3 d&#8217;activitats del cap de setmana. Aix\u00ed mateix, hi haur\u00e0 una marat\u00f3 de jocs de taula amb demostracions, taules lliures de jocs, ludoteca, <em>unboxings<\/em>, etc. S&#8217;instal\u00b7lar\u00e0 tamb\u00e9 el Tron de Ferro de la s\u00e8rie Joc de Trons perqu\u00e8, qui vullga, que es fa\u00e7a fotos i v\u00eddeos.<\/p>\n<p>A les 11.30 hores, es realitzar\u00e0 una exhibici\u00f3 d&#8217;esgrima hist\u00f2rica i una altra exhibici\u00f3 d&#8217;esgrima hist\u00f2rica per <em>Tercio Viejo Alicante<\/em>.<\/p>\n<p>A les 12.00 hores, es dur\u00e0 a terme un <em>podcast<\/em> de Jocs de Trons, a les 13.00 hores, un <em>podcast<\/em> de les millors s\u00e8ries de televisi\u00f3 de 2018; a les 17.00 hores, un <em>podcast<\/em> de The Walking Dead; i a les 19.00 hores, un <em>podcast<\/em> concurs &#8220;S\u00f3c\u00a0qui m\u00e9s sap de s\u00e8ries de televisi\u00f3&#8221;.<\/p>\n<p>A les 16.30 hores, hi haur\u00e0 un taller de maquillatge<em> Zombie<\/em> i a les 20.00 hores es realitzar\u00e0 un <em>Survival Zombie<\/em>.<\/p>\n<p>A les 23.00 hores hi haur\u00e0 un concert de <em>Gatetemon<\/em>.<\/p>\n<p>El dia 27 de maig, a les 11.00 hores, es realitzar\u00e0 una Passarel\u00b7la <em>Cosplay<\/em> i tamb\u00e9 un torneig de <em>softcombat, Quidditch<\/em>, tir amb arc i animacions infantils.<\/p>\n","protected":false},"excerpt":{"rendered":"<p>Aquestes jornades tindran una tem\u00e0tica friqui amb el Tron de Ferro de la s\u00e8rie Joc de Trons, exhibici\u00f3 d&#8217;esgrima hist\u00f2rica, marat\u00f3 de jocs de taula, concursos i un Survival Zombie, [&hellip;]<\/p>\n","protected":false},"author":15,"featured_media":59558,"comment_status":"closed","ping_status":"closed","sticky":false,"template":"","format":"standard","meta":{"footnotes":""},"categories":[391,208],"tags":[],"class_list":["post-59588","post","type-post","status-publish","format-standard","has-post-thumbnail","hentry","category-home-va","category-participacio-ciutadana-va"],"_links":{"self":[{"href":"https:\/\/www.elche.es\/va\/wp-json\/wp\/v2\/posts\/59588","targetHints":{"allow":["GET"]}}],"collection":[{"href":"https:\/\/www.elche.es\/va\/wp-json\/wp\/v2\/posts"}],"about":[{"href":"https:\/\/www.elche.es\/va\/wp-json\/wp\/v2\/types\/post"}],"author":[{"embeddable":true,"href":"https:\/\/www.elche.es\/va\/wp-json\/wp\/v2\/users\/15"}],"replies":[{"embeddable":true,"href":"https:\/\/www.elche.es\/va\/wp-json\/wp\/v2\/comments?post=59588"}],"version-history":[{"count":0,"href":"https:\/\/www.elche.es\/va\/wp-json\/wp\/v2\/posts\/59588\/revisions"}],"wp:featuredmedia":[{"embeddable":true,"href":"https:\/\/www.elche.es\/va\/wp-json\/wp\/v2\/media\/59558"}],"wp:attachment":[{"href":"https:\/\/www.elche.es\/va\/wp-json\/wp\/v2\/media?parent=59588"}],"wp:term":[{"taxonomy":"category","embeddable":true,"href":"https:\/\/www.elche.es\/va\/wp-json\/wp\/v2\/categories?post=59588"},{"taxonomy":"post_tag","embeddable":true,"href":"https:\/\/www.elche.es\/va\/wp-json\/wp\/v2\/tags?post=59588"}],"curies":[{"name":"wp","href":"https:\/\/api.w.org\/{rel}","templated":true}]}}