{"id":60432,"date":"2018-05-24T13:33:46","date_gmt":"2018-05-24T12:33:46","guid":{"rendered":"http:\/\/www.elche.es\/va\/?p=60432"},"modified":"2018-05-24T13:33:46","modified_gmt":"2018-05-24T12:33:46","slug":"consulta-sobre-les-activitats-de-dinamitzacio-participativa-de-barris-i-pedanies","status":"publish","type":"post","link":"https:\/\/www.elche.es\/va\/2018\/05\/consulta-sobre-les-activitats-de-dinamitzacio-participativa-de-barris-i-pedanies\/","title":{"rendered":"Consulta sobre les activitats de dinamitzaci\u00f3 participativa de barris i pedanies"},"content":{"rendered":"<blockquote><p>El proc\u00e9s per a la consulta sobre les futures activitats s&#8217;obri fins a l&#8217;1 de juny<\/p><\/blockquote>\n<p>&nbsp;<\/p>\n<p>El regidor de Participaci\u00f3 Ciutadana, Felip S\u00e0nchez, ha presentat la consulta que es va a realitzar per a con\u00e8ixer l&#8217;opini\u00f3 de la ciutadania sobre el seu programa de dinamitzaci\u00f3 participativa en barris i pedanies.<\/p>\n<p>Tal com ha apuntat S\u00e0nchez, &#8220;s&#8217;obri fins a l&#8217;1 de juny el proc\u00e9s per a la consulta sobre les futures activitats que queden pendents en el programa de dinamitzaci\u00f3 de barris i pedanies, despr\u00e9s que ja s&#8217;han realitzat activitats en l&#8217;Altet i Carr\u00fas (pla\u00e7a de l&#8217;Algeps) i estan programades activitats per a Altabix, els Arenals del Sol i el Raval&#8221;.<\/p>\n<p>En aquesta consulta, que es pot realitzar en la p\u00e0gina d&#8217;Elx Participa, la ciutadania podr\u00e0 escollir entre diverses tem\u00e0tiques per a les activitats en el seu barri.<\/p>\n<p>La consulta es pot realitzar en el seg\u00fcent enlla\u00e7:\u00a0<a href=\"https:\/\/www.elche.es\/va\/participacio-ciutadana\/consultes-publiques\/\">https:\/\/www.elche.es\/participacion-ciudadana\/consultas-publicas\/<\/a><\/p>\n","protected":false},"excerpt":{"rendered":"<p>El proc\u00e9s per a la consulta sobre les futures activitats s&#8217;obri fins a l&#8217;1 de juny &nbsp; El regidor de Participaci\u00f3 Ciutadana, Felip S\u00e0nchez, ha presentat la consulta que es [&hellip;]<\/p>\n","protected":false},"author":15,"featured_media":60384,"comment_status":"closed","ping_status":"closed","sticky":false,"template":"","format":"standard","meta":{"footnotes":""},"categories":[208],"tags":[],"class_list":["post-60432","post","type-post","status-publish","format-standard","has-post-thumbnail","hentry","category-participacio-ciutadana-va"],"_links":{"self":[{"href":"https:\/\/www.elche.es\/va\/wp-json\/wp\/v2\/posts\/60432","targetHints":{"allow":["GET"]}}],"collection":[{"href":"https:\/\/www.elche.es\/va\/wp-json\/wp\/v2\/posts"}],"about":[{"href":"https:\/\/www.elche.es\/va\/wp-json\/wp\/v2\/types\/post"}],"author":[{"embeddable":true,"href":"https:\/\/www.elche.es\/va\/wp-json\/wp\/v2\/users\/15"}],"replies":[{"embeddable":true,"href":"https:\/\/www.elche.es\/va\/wp-json\/wp\/v2\/comments?post=60432"}],"version-history":[{"count":0,"href":"https:\/\/www.elche.es\/va\/wp-json\/wp\/v2\/posts\/60432\/revisions"}],"wp:featuredmedia":[{"embeddable":true,"href":"https:\/\/www.elche.es\/va\/wp-json\/wp\/v2\/media\/60384"}],"wp:attachment":[{"href":"https:\/\/www.elche.es\/va\/wp-json\/wp\/v2\/media?parent=60432"}],"wp:term":[{"taxonomy":"category","embeddable":true,"href":"https:\/\/www.elche.es\/va\/wp-json\/wp\/v2\/categories?post=60432"},{"taxonomy":"post_tag","embeddable":true,"href":"https:\/\/www.elche.es\/va\/wp-json\/wp\/v2\/tags?post=60432"}],"curies":[{"name":"wp","href":"https:\/\/api.w.org\/{rel}","templated":true}]}}