{"id":61047,"date":"2018-05-31T08:38:08","date_gmt":"2018-05-31T07:38:08","guid":{"rendered":"http:\/\/www.elche.es\/va\/2018\/05\/acto-de-clausura-del-curso-de-mayores-de-la-uned\/"},"modified":"2018-05-31T09:22:10","modified_gmt":"2018-05-31T08:22:10","slug":"acto-de-clausura-del-curso-de-mayores-de-la-uned","status":"publish","type":"post","link":"https:\/\/www.elche.es\/va\/2018\/05\/acto-de-clausura-del-curso-de-mayores-de-la-uned\/","title":{"rendered":"Acte de clausura del curs de majors de la UNED"},"content":{"rendered":"<blockquote>\n<div style=\"text-align: justify\">En l&#8217;acte s&#8217;ha fet esment a alguns dels millors moments que els majors han viscut durant el curs acad\u00e8mic i s&#8217;han nomenat els professors que els han fet\u00a0 classe<\/div>\n<\/blockquote>\n<div style=\"text-align: justify\">\n<p>L&#8217;Aula Magna del centre d&#8217;Elx de la Universitat Nacional d&#8217;Educaci\u00f3 a Dist\u00e0ncia ha acollit l&#8217;acte de clausura del curs de majors que s&#8217;ha desenvolupat durant els \u00faltims mesos. L&#8217;alcalde d&#8217;Elx,\u00a0<span class=\"hiddenSpellError\">Carlos<\/span>\u00a0Gonz\u00e1lez, juntament amb el regidor de Majors,\u00a0<span class=\"hiddenSpellError\">Carlos<\/span>\u00a0Gonz\u00e1lez, han acudit a l&#8217;acte de clausura i han donat els respectius diplomes als 128 alumnes que han posat fi al curs.<\/p>\n<p>&#8220;\u00c9s digne d&#8217;admirar el treball que feu per seguir aprenent i no deixar que l&#8217;edat\u00a0siga\u00a0un impediment. Sou un exemple per a tota la ciutat&#8221;, ha assenyalat l&#8217;alcalde d&#8217;Elx.<\/p>\n<p>L&#8217;acte ha comen\u00e7at amb un minut de silenci en mem\u00f2ria d&#8217;una alumna que va morir la setmana passada. Despr\u00e9s, com en qualsevol graduaci\u00f3, s&#8217;ha fet esment a alguns dels millors moments que els majors han viscut durant el curs acad\u00e8mic, aix\u00ed com s&#8217;han nomenat els professors que els han fet classe i les\u00a0seues\u00a0respectives assignatures.<\/p>\n<p>Els 128 alumnes han recollit la\u00a0seua\u00a0diploma i la UNED els ha fet lliurament d&#8217;un obsequi perqu\u00e8\u00a0tinguen\u00a0un record del curs de majors.<\/p>\n<\/div>\n","protected":false},"excerpt":{"rendered":"<p>En l&#8217;acte s&#8217;ha fet esment a alguns dels millors moments que els majors han viscut durant el curs acad\u00e8mic i s&#8217;han nomenat els professors que els han fet\u00a0 classe L&#8217;Aula [&hellip;]<\/p>\n","protected":false},"author":131,"featured_media":61034,"comment_status":"closed","ping_status":"closed","sticky":false,"template":"","format":"standard","meta":{"footnotes":""},"categories":[890],"tags":[],"class_list":["post-61047","post","type-post","status-publish","format-standard","has-post-thumbnail","hentry","category-mayores-va"],"_links":{"self":[{"href":"https:\/\/www.elche.es\/va\/wp-json\/wp\/v2\/posts\/61047","targetHints":{"allow":["GET"]}}],"collection":[{"href":"https:\/\/www.elche.es\/va\/wp-json\/wp\/v2\/posts"}],"about":[{"href":"https:\/\/www.elche.es\/va\/wp-json\/wp\/v2\/types\/post"}],"author":[{"embeddable":true,"href":"https:\/\/www.elche.es\/va\/wp-json\/wp\/v2\/users\/131"}],"replies":[{"embeddable":true,"href":"https:\/\/www.elche.es\/va\/wp-json\/wp\/v2\/comments?post=61047"}],"version-history":[{"count":0,"href":"https:\/\/www.elche.es\/va\/wp-json\/wp\/v2\/posts\/61047\/revisions"}],"wp:featuredmedia":[{"embeddable":true,"href":"https:\/\/www.elche.es\/va\/wp-json\/wp\/v2\/media\/61034"}],"wp:attachment":[{"href":"https:\/\/www.elche.es\/va\/wp-json\/wp\/v2\/media?parent=61047"}],"wp:term":[{"taxonomy":"category","embeddable":true,"href":"https:\/\/www.elche.es\/va\/wp-json\/wp\/v2\/categories?post=61047"},{"taxonomy":"post_tag","embeddable":true,"href":"https:\/\/www.elche.es\/va\/wp-json\/wp\/v2\/tags?post=61047"}],"curies":[{"name":"wp","href":"https:\/\/api.w.org\/{rel}","templated":true}]}}