{"id":62063,"date":"2018-06-06T12:58:31","date_gmt":"2018-06-06T11:58:31","guid":{"rendered":"http:\/\/www.elche.es\/va\/2018\/06\/las-campanas-del-ayuntamiento-de-elche-triunfan-en-los-premios-alce\/"},"modified":"2018-06-06T13:31:17","modified_gmt":"2018-06-06T12:31:17","slug":"las-campanas-del-ayuntamiento-de-elche-triunfan-en-los-premios-alce","status":"publish","type":"post","link":"https:\/\/www.elche.es\/va\/2018\/06\/las-campanas-del-ayuntamiento-de-elche-triunfan-en-los-premios-alce\/","title":{"rendered":"Les campanyes de l&#8217;Ajuntament d&#8217;Elx triomfen en els Premis Alce"},"content":{"rendered":"<blockquote>\n<p style=\"text-align: justify\">&#8211; Les propostes, realitzades per a diverses regidories, han estat finalistes en deu categories i assolit quatre premis<\/p>\n<p>&#8211; El regidor de Participaci\u00f3, Felip\u00a0<span class=\"hiddenSpellError\">S\u00e0nchez<\/span>, assenyala que han sigut campanyes impactants\u00a0a escala de\u00a0carrer i amb una gran repercussi\u00f3 en xarxes socials<\/p>\n<\/blockquote>\n<p style=\"text-align: justify\">Les campanyes de publicitat de l&#8217;Ajuntament han estat finalistes en deu de les 21 categories dels prestigiosos Premis Alce de publicitat i s&#8217;han aconseguit un total de quatre premis:<\/p>\n<p>Premis M\u00e0rqueting Directe: \u00ab<span class=\"hiddenSpellError\">The<\/span>\u00a0<span class=\"hiddenSpellError\">Cleaner<\/span>\u00bb per Ajuntament d&#8217;Elx d&#8217;<span class=\"hiddenSpellError\">Utopicum<\/span>. (Igualtat)<\/p>\n<p>Premi Espot: Or \u00abUna mitjana que no \u00e9s d&#8217;avui\u00bb per Ajuntament d&#8217;Elx de Yerno. (Esports)<\/p>\n<p>Premi Publicitat En l\u00ednia: Plata: \u00abFormigues il\u00b7licitanes\u00bb per\u00a0<span class=\"hiddenSpellError\">Visitelche<\/span>\u00a0d&#8217;<span class=\"hiddenSpellError\">Utopicum<\/span>. (Turisme)<\/p>\n<p>Premi\u00a0<span class=\"hiddenSpellError\">Branded<\/span>\u00a0Content: \u00abSilenci Inc\u00f2mode\u00bb per Ajuntament d&#8217;Elx de Yerno. (Benestar social)<\/p>\n<p>&#8220;Des de la regidoria de Comunicaci\u00f3 volem recon\u00e9ixer el gran treball realitzat per les ag\u00e8ncies de comunicaci\u00f3 que han estat finalistes en els premis Alce amb les campanyes realitzades per a l&#8217;Ajuntament d&#8217;Elx&#8221;, ha explicat Felip\u00a0<span class=\"hiddenSpellError\">S\u00e0nchez<\/span>, regidor de Comunicaci\u00f3 qui ha afegit que &#8220;han estat campanyes impactants en l&#8217;\u00e0mbit de carrer i amb una gran repercussi\u00f3 en xarxes socials&#8221;.<\/p>\n<p>La resta de finalistes han estat: Premi Gr\u00e0fica Publicit\u00e0ria: Finalista: Congr\u00e9s per la llibertat d&#8217;expressi\u00f3 de\u00a0<span class=\"hiddenSpellError\">Sapristi<\/span>\u00a0(Comunicaci\u00f3); Premi R\u00e0dio: Finalista \u00abUna mitjana que no \u00e9s d&#8217;avui\u00bb per Ajuntament d&#8217;Elx de Yerno. (Esports); Premi Responsabilitat Social Corporativa (<span class=\"hiddenSpellError\">RSC<\/span>): Finalista &#8220;Silenci inc\u00f2mode&#8221; de Yerno. (Benestar social); Premi Publicitat Exterior i\u00a0<span class=\"hiddenSpellError\">Street<\/span>\u00a0M\u00e0rqueting: Finalista:\u00a0<span class=\"hiddenSpellError\">Biparticipatiu<\/span>\u00a0de\u00a0<span class=\"hiddenSpellError\">Sapristi<\/span>\u00a0(Participaci\u00f3); Premi Campanya Global:\u00a0<span class=\"hiddenGrammarError\">\u00ab<\/span><em>La\u00a0<span class=\"hiddenSpellError\">neverita<\/span><span class=\"hiddenGrammarError\">&#8220;<\/span><\/em>\u00a0d&#8217;<span class=\"hiddenSpellError\">Utopicum<\/span>\u00a0(Turisme) i\u00a0<span class=\"hiddenSpellError\">Premi<\/span>\u00a0creativitat web: finalista\u00a0<em><span class=\"hiddenGrammarError\">\u00ab<\/span>La\u00a0<span class=\"hiddenSpellError\">neverita<\/span><span class=\"hiddenGrammarError\">&#8220;<\/span><\/em>\u00a0d&#8217;<span class=\"hiddenSpellError\">Utopicum<\/span>\u00a0(Turisme).<\/p>\n<p>&#8220;Hem de felicitar-nos que el nostre Ajuntament tinga aquesta capacitat de repercussi\u00f3 publicit\u00e0ria amb aquests premis, per\u00f2 sobretot per la capacitat de repercussi\u00f3 en la societat amb tem\u00e0tiques molt diferents i de rerefons social que contribu\u00efxen a fomentar la reflexi\u00f3 sobre els temes concrets dels quals tracta&#8221;, ha indicat\u00a0<span class=\"hiddenSpellError\">S\u00e0nchez<\/span>.<\/p>\n<p>Per la seua banda,\u00a0<span class=\"hiddenSpellError\">Jorge<\/span>\u00a0Villar, responsable de Comunicaci\u00f3 de l&#8217;Ajuntament, ha indicat que &#8220;cal remarcar que l&#8217;Ajuntament d&#8217;Elx ha estat finalista en deu categories i assolit quatre premis i que solament hi ha una instituci\u00f3 m\u00e9s dins d&#8217;aquests 21 premis i que nom\u00e9s ha aconseguit un. Aquests premis s\u00f3n fruit de la bona forma de treballar que tenen aquestes ag\u00e8ncies a les quals hem donat total llibertat per realitzar les seues propostes. Ha estat una comunicaci\u00f3 efectiva i moltes vegades, com \u00e9s el cas, s&#8217;aconseguix apel\u00b7lant als diferents sentiments&#8221;.<\/p>\n<p><span class=\"hiddenSpellError\">Juanan<\/span>\u00a0<span class=\"hiddenSpellError\">Garc\u00eda<\/span>, responsable de l&#8217;ag\u00e8ncia Yerno ha agra\u00eft la confian\u00e7a dipositada per l&#8217;Ajuntament en la seua empresa i el fet que &#8220;ens hagen deixat treballar per poder ser originals. Estem feli\u00e7os de treballar per fer una societat una mica millor&#8221;.<\/p>\n<p><span class=\"hiddenSpellError\">Francisco<\/span>\u00a0<span class=\"hiddenSpellError\">Javier<\/span>\u00a0<span class=\"hiddenSpellError\">Canovas<\/span>, director creatiu d&#8217;<span class=\"hiddenSpellError\">Utopicum<\/span>\u00a0ha indicat que &#8220;treballar per a l&#8217;Ajuntament d&#8217;Elx sempre suposa un repte, amb l&#8217;avantatge que accepten molt b\u00e9 les idees creatives que desenvolupem en l&#8217;ag\u00e8ncia, i s&#8217;atrevixen a dur-les a terme deixant-nos una autonomia brutal sobre el control creatiu&#8221;.<\/p>\n<p>Finalment, Alfred\u00a0<span class=\"hiddenSpellError\">Pav\u00eda<\/span>\u00a0(Director creatiu de\u00a0<span class=\"hiddenSpellError\">Sapristi<\/span>): &#8220;\u00c9s un honor estar entre aquestes ag\u00e8ncies i formar part de l&#8217;equip que est\u00e0 fent de l&#8217;Ajuntament d&#8217;Elx l&#8217;anunciant m\u00e9s innovador de la prov\u00edncia. Llan\u00e7ar campanyes en favor del civisme, el respecte, la participaci\u00f3, la llibertat o el respecte \u00e9s alguna cosa que haurien de fer totes les institucions.&#8221;<\/p>\n<p>&nbsp;<\/p>\n","protected":false},"excerpt":{"rendered":"<p>&#8211; Les propostes, realitzades per a diverses regidories, han estat finalistes en deu categories i assolit quatre premis &#8211; El regidor de Participaci\u00f3, Felip\u00a0S\u00e0nchez, assenyala que han sigut campanyes impactants\u00a0a [&hellip;]<\/p>\n","protected":false},"author":131,"featured_media":62050,"comment_status":"closed","ping_status":"closed","sticky":false,"template":"","format":"standard","meta":{"footnotes":""},"categories":[572],"tags":[],"class_list":["post-62063","post","type-post","status-publish","format-standard","has-post-thumbnail","hentry","category-comunicacio"],"_links":{"self":[{"href":"https:\/\/www.elche.es\/va\/wp-json\/wp\/v2\/posts\/62063","targetHints":{"allow":["GET"]}}],"collection":[{"href":"https:\/\/www.elche.es\/va\/wp-json\/wp\/v2\/posts"}],"about":[{"href":"https:\/\/www.elche.es\/va\/wp-json\/wp\/v2\/types\/post"}],"author":[{"embeddable":true,"href":"https:\/\/www.elche.es\/va\/wp-json\/wp\/v2\/users\/131"}],"replies":[{"embeddable":true,"href":"https:\/\/www.elche.es\/va\/wp-json\/wp\/v2\/comments?post=62063"}],"version-history":[{"count":0,"href":"https:\/\/www.elche.es\/va\/wp-json\/wp\/v2\/posts\/62063\/revisions"}],"wp:featuredmedia":[{"embeddable":true,"href":"https:\/\/www.elche.es\/va\/wp-json\/wp\/v2\/media\/62050"}],"wp:attachment":[{"href":"https:\/\/www.elche.es\/va\/wp-json\/wp\/v2\/media?parent=62063"}],"wp:term":[{"taxonomy":"category","embeddable":true,"href":"https:\/\/www.elche.es\/va\/wp-json\/wp\/v2\/categories?post=62063"},{"taxonomy":"post_tag","embeddable":true,"href":"https:\/\/www.elche.es\/va\/wp-json\/wp\/v2\/tags?post=62063"}],"curies":[{"name":"wp","href":"https:\/\/api.w.org\/{rel}","templated":true}]}}