{"id":64378,"date":"2018-07-02T12:51:41","date_gmt":"2018-07-02T11:51:41","guid":{"rendered":"http:\/\/www.elche.es\/va\/?p=64378"},"modified":"2018-07-02T12:55:44","modified_gmt":"2018-07-02T11:55:44","slug":"vora-1-500-persones-abarroten-la-placa-del-congres-eucaristic-per-a-veure-les-veus-del-cor","status":"publish","type":"post","link":"https:\/\/www.elche.es\/va\/2018\/07\/vora-1-500-persones-abarroten-la-placa-del-congres-eucaristic-per-a-veure-les-veus-del-cor\/","title":{"rendered":"Vora 1.500 persones abarroten la pla\u00e7a del Congr\u00e9s Eucar\u00edstic per a veure \u201cLes veus del cor\u201d"},"content":{"rendered":"<blockquote>\n<p style=\"text-align: justify\">El concert respon a un projecte impulsat per la Regidoria de Turisme i que dona valor als patrimonis de la humanitat tant d&#8217;Elx com de Li\u00f3<\/p>\n<\/blockquote>\n<p style=\"text-align: justify\"><strong>\u00a0<\/strong><\/p>\n<p style=\"text-align: justify\">Vora 1.500 persones han abarrotat la pla\u00e7a del Congr\u00e9s Eucar\u00edstic per a veure a &#8220;Les veus del cor&#8221;, compost pels xiquets dels\u00a0<span class=\"hiddenSpellError\">Petits Chanteurs<\/span>\u00a0de\u00a0<span class=\"hiddenSpellError\">Saint<\/span>\u00a0Marc de Li\u00f3 i\u00a0<span class=\"hiddenGrammarError\">l&#8217;Escolania<\/span>\u00a0i Cor Juvenil del\u00a0<span class=\"hiddenSpellError\">Misteri d&#8217;Elx<\/span>. Entre els assistents estava l&#8217;alcalde d&#8217;Elx,\u00a0<span class=\"hiddenSpellError\">Carlos<\/span>\u00a0Gonz\u00e1lez, l&#8217;edil de Turisme, Mireia Moll\u00e0, i altres membres de l&#8217;Equip de Govern.<\/p>\n<p style=\"text-align: justify\">Aquest acte s&#8217;emmarca dins d&#8217;un projecte impulsat per la Regidoria de Turisme de l&#8217;Ajuntament d&#8217;Elx, subvencionada per l&#8217;Ag\u00e8ncia Valenciana de Turisme i que entra dins del marc de l&#8217;Any Europeu del Patrimoni Cultural.<\/p>\n<p style=\"text-align: justify\">L&#8217;acte va\u00a0comen\u00e7ar\u00a0a les\u00a021.00\u00a0hores\u00a0i va estar compost per tres parts. La primera d&#8217;elles ha sigut la protagonitzada per\u00a0l&#8217;Escolania i Cor\u00a0Juvenil del\u00a0<span class=\"hiddenSpellError\">Misteri d&#8217;Elx<\/span>; la segona, pels\u00a0<span class=\"hiddenSpellError\">Petits Chanteurs<\/span>\u00a0de\u00a0<span class=\"hiddenSpellError\">Saint<\/span>\u00a0Marc de Li\u00f3; i la tercera, en la qual tots dos cors han interpretat tres can\u00e7ons conjuntes.<\/p>\n<p style=\"text-align: justify\">Dissabte, l&#8217;actuaci\u00f3 es va fer en el Palau de la M\u00fasica de Val\u00e8ncia, on es van esgotar les localitats. El pr\u00f2xim 22 de setembre tots dos cors juvenils repetiran el concert a Li\u00f3.<\/p>\n","protected":false},"excerpt":{"rendered":"<p>El concert respon a un projecte impulsat per la Regidoria de Turisme i que dona valor als patrimonis de la humanitat tant d&#8217;Elx com de Li\u00f3 \u00a0 Vora 1.500 persones [&hellip;]<\/p>\n","protected":false},"author":15,"featured_media":64361,"comment_status":"closed","ping_status":"closed","sticky":false,"template":"","format":"standard","meta":{"footnotes":""},"categories":[193,228],"tags":[],"class_list":["post-64378","post","type-post","status-publish","format-standard","has-post-thumbnail","hentry","category-cultura-va","category-turisme-va"],"_links":{"self":[{"href":"https:\/\/www.elche.es\/va\/wp-json\/wp\/v2\/posts\/64378","targetHints":{"allow":["GET"]}}],"collection":[{"href":"https:\/\/www.elche.es\/va\/wp-json\/wp\/v2\/posts"}],"about":[{"href":"https:\/\/www.elche.es\/va\/wp-json\/wp\/v2\/types\/post"}],"author":[{"embeddable":true,"href":"https:\/\/www.elche.es\/va\/wp-json\/wp\/v2\/users\/15"}],"replies":[{"embeddable":true,"href":"https:\/\/www.elche.es\/va\/wp-json\/wp\/v2\/comments?post=64378"}],"version-history":[{"count":0,"href":"https:\/\/www.elche.es\/va\/wp-json\/wp\/v2\/posts\/64378\/revisions"}],"wp:featuredmedia":[{"embeddable":true,"href":"https:\/\/www.elche.es\/va\/wp-json\/wp\/v2\/media\/64361"}],"wp:attachment":[{"href":"https:\/\/www.elche.es\/va\/wp-json\/wp\/v2\/media?parent=64378"}],"wp:term":[{"taxonomy":"category","embeddable":true,"href":"https:\/\/www.elche.es\/va\/wp-json\/wp\/v2\/categories?post=64378"},{"taxonomy":"post_tag","embeddable":true,"href":"https:\/\/www.elche.es\/va\/wp-json\/wp\/v2\/tags?post=64378"}],"curies":[{"name":"wp","href":"https:\/\/api.w.org\/{rel}","templated":true}]}}