{"id":64568,"date":"2018-07-04T08:52:19","date_gmt":"2018-07-04T07:52:19","guid":{"rendered":"http:\/\/www.elche.es\/va\/?p=64568"},"modified":"2018-07-05T11:20:07","modified_gmt":"2018-07-05T10:20:07","slug":"conveni-dels-ajuntaments-de-la-comarca-baix-vinalopo-en-materia-digualtat","status":"publish","type":"post","link":"https:\/\/www.elche.es\/va\/2018\/07\/conveni-dels-ajuntaments-de-la-comarca-baix-vinalopo-en-materia-digualtat\/","title":{"rendered":"Conveni dels ajuntaments de la comarca Baix Vinalop\u00f3 en mat\u00e8ria d&#8217;Igualtat"},"content":{"rendered":"<blockquote><p>L&#8217;edil d&#8217;Igualtat,Teresa\u00a0<span class=\"hiddenSpellError\">Maci\u00e1<\/span>, juntament amb els edils d&#8217;Igualtat de Santa Pola i Crevillent, Samuel Ortiz i\u00a0<span class=\"hiddenSpellError\">Juana<\/span>\u00a0<span class=\"hiddenSpellError\">Guirao<\/span>, han presentat el conveni que tenen els tres ajuntaments de la comarca per a treballar en temes d&#8217;igualtat de g\u00e8nere i prevenci\u00f3 de la viol\u00e8ncia contra les\u00a0<span class=\"hiddenGrammarError\">dones.<\/span><\/p>\n<p>&nbsp;<\/p><\/blockquote>\n<p>El conveni el van signar el passat 4 de desembre els alcaldes dels tres municipis i t\u00e9 com a objecte establir la metodologia i les l\u00ednies b\u00e0siques per a la col\u00b7laboraci\u00f3 institucional entre els municipis en la promoci\u00f3 de la igualtat d&#8217;oportunitats entre dones i homes i la prevenci\u00f3 de la viol\u00e8ncia de g\u00e8nere.<\/p>\n<p>Amb aquest conveni es\u00a0<span class=\"hiddenGrammarError\">desenvoluparan<\/span>\u00a0programes i campanyes per a la Igualtat d&#8217;Oportunitats i la Prevenci\u00f3 de Viol\u00e8ncia de G\u00e8nere.<\/p>\n<div><\/div>\n<blockquote>\n<div>\u00a0<a href=\"https:\/\/www.elche.es\/wp-content\/uploads\/2018\/07\/PDF-Convenio-BV.pdf\" target=\"_blank\">Conveni ajuntaments Comarca Baix Vinalop\u00f3<\/a><\/div>\n<\/blockquote>\n","protected":false},"excerpt":{"rendered":"<p>L&#8217;edil d&#8217;Igualtat,Teresa\u00a0Maci\u00e1, juntament amb els edils d&#8217;Igualtat de Santa Pola i Crevillent, Samuel Ortiz i\u00a0Juana\u00a0Guirao, han presentat el conveni que tenen els tres ajuntaments de la comarca per a treballar [&hellip;]<\/p>\n","protected":false},"author":15,"featured_media":64526,"comment_status":"closed","ping_status":"closed","sticky":false,"template":"","format":"standard","meta":{"footnotes":""},"categories":[190,209],"tags":[],"class_list":["post-64568","post","type-post","status-publish","format-standard","has-post-thumbnail","hentry","category-drets-socials","category-igualtat-va"],"_links":{"self":[{"href":"https:\/\/www.elche.es\/va\/wp-json\/wp\/v2\/posts\/64568","targetHints":{"allow":["GET"]}}],"collection":[{"href":"https:\/\/www.elche.es\/va\/wp-json\/wp\/v2\/posts"}],"about":[{"href":"https:\/\/www.elche.es\/va\/wp-json\/wp\/v2\/types\/post"}],"author":[{"embeddable":true,"href":"https:\/\/www.elche.es\/va\/wp-json\/wp\/v2\/users\/15"}],"replies":[{"embeddable":true,"href":"https:\/\/www.elche.es\/va\/wp-json\/wp\/v2\/comments?post=64568"}],"version-history":[{"count":0,"href":"https:\/\/www.elche.es\/va\/wp-json\/wp\/v2\/posts\/64568\/revisions"}],"wp:featuredmedia":[{"embeddable":true,"href":"https:\/\/www.elche.es\/va\/wp-json\/wp\/v2\/media\/64526"}],"wp:attachment":[{"href":"https:\/\/www.elche.es\/va\/wp-json\/wp\/v2\/media?parent=64568"}],"wp:term":[{"taxonomy":"category","embeddable":true,"href":"https:\/\/www.elche.es\/va\/wp-json\/wp\/v2\/categories?post=64568"},{"taxonomy":"post_tag","embeddable":true,"href":"https:\/\/www.elche.es\/va\/wp-json\/wp\/v2\/tags?post=64568"}],"curies":[{"name":"wp","href":"https:\/\/api.w.org\/{rel}","templated":true}]}}